{"id":82,"date":"2017-04-10T16:05:35","date_gmt":"2017-04-10T14:05:35","guid":{"rendered":"http:\/\/pilates.sport.hu\/?p=82"},"modified":"2017-04-10T16:05:35","modified_gmt":"2017-04-10T14:05:35","slug":"a-pilates-eredete-2-resz","status":"publish","type":"post","link":"https:\/\/uppilatesstudio.hu\/en\/a-pilates-eredete-2-resz\/","title":{"rendered":"The origin of pilates - part 2"},"content":{"rendered":"<p style=\"text-align: justify;\"><strong>Pilates is the name of a sickly boy, Joe Pilates, who wanted to live a healthier life. Combining Eastern and Western movement cultures, the method quickly caught on with European dancers and soldiers. In the second of a three-part series, find out how the method came to the United States.<\/strong><!--more--><\/p>\n<p style=\"text-align: justify;\"><em><strong>A pilates meg\u00e9rkezik az Amerikai Egyes\u00fclt \u00c1llamokba<\/strong><\/em><\/p>\n<p style=\"text-align: justify;\">1926-ban Pilates otthagyta N\u00e9metorsz\u00e1got \u00e9s az Egyes\u00fclt \u00c1llamokba k\u00f6lt\u00f6z\u00f6tt. Az utaz\u00e1s sor\u00e1n megismerkedett Clara Zeunerrel, aki k\u00e9s\u0151bb a feles\u00e9ge lett. Sokan nem tudj\u00e1k, hogy ez volt Joseph harmadik h\u00e1zass\u00e1ga. A p\u00e1r hamarosan megnyitotta els\u0151 fitnesz st\u00fadi\u00f3j\u00e1t, a New York-i balett t\u00e1rsulat termeiben.<\/p>\n<p style=\"text-align: justify;\">Az 1960-as \u00e9vekre Joe \u00e9s Clara m\u00e1r sz\u00e1mos New York-i t\u00e1ncost edzettek. George Balanchine t\u00e1ncoktat\u00f3 is megfordult n\u00e1luk, \u00e9s els\u0151re beleszeretett az \u00faj mozg\u00e1sform\u00e1ba. Hamarosan megh\u00edvta Pilatest, hogy tartson tr\u00e9ningeket a t\u00e1rsulata fiatal balerin\u00e1inak is.<\/p>\n<p style=\"text-align: justify;\">Pilates h\u00edrneve m\u00e1s v\u00e1rosokban is rohamosan n\u0151tt. A New York Herald Tribute c\u00edm\u0171 \u00fajs\u00e1g 1964-es cikk\u00e9b\u0151l id\u00e9zve: \u201eAmerika szerte sz\u00e1mos fiatal t\u00e1ncos gyakorolja minden nap az \u00faj mozg\u00e1stechnik\u00e1t, melyet csak \u201epilates\u201d n\u00e9ven emlegetnek, \u00e9s nem is tudj\u00e1k, hogy az a P nagybet\u0171 kellene, hogy legyen, mivel a gyakorlatok m\u00f6g\u00f6tt egy \u00e9l\u0151, l\u00e9legz\u0151 ember \u00e1ll.\u201d<\/p>\n<p style=\"text-align: justify;\"><em><strong>A tan\u00edtv\u00e1nyb\u00f3l tan\u00edt\u00f3 v\u00e1lik<\/strong><\/em><\/p>\n<p style=\"text-align: justify;\">Carola Trier \u00e9s Bob Seed Joe di\u00e1kjai voltak, akik m\u00e9g a mester \u00e9lete sor\u00e1n megnyitott\u00e1k a saj\u00e1t st\u00fadi\u00f3ikat. Trier t\u00e1ncosn\u0151 volt, Amerik\u00e1ba az ut\u00e1n \u00e9rkezett, hogy megsz\u00f6k\u00f6tt egy franciaorsz\u00e1gi koncentr\u00e1ci\u00f3s t\u00e1borb\u00f3l. 1940-ben egy s\u00e9r\u00fcl\u00e9s f\u00e9lbeszak\u00edtotta t\u00e1ncos karrier\u00e9t, a rehabilit\u00e1ci\u00f3 sor\u00e1n ismerte meg Pilatest. Trier Pilates seg\u00edts\u00e9g\u00e9vel nyitotta meg saj\u00e1t st\u00fadi\u00f3j\u00e1t, az 1950-es \u00e9vekben. Joe \u00e9s Clara k\u00f6zeli bar\u00e1tok maradtak Trierrel.<\/p>\n<p style=\"text-align: justify;\">Bob Seed t\u00f6rt\u00e9nete azonban enn\u00e9l s\u00f6t\u00e9tebb. Seed, aki a j\u00e9gkorong szerelmese volt, szint\u00e9n egy s\u00e9r\u00fcl\u00e9s ut\u00e1n ker\u00fclt kapcsolatba Pilates edz\u00e9sprogramj\u00e1val. Egy id\u0151 ut\u00e1n \u00fagy d\u00f6nt\u00f6tt, saj\u00e1t st\u00fadi\u00f3t nyit a v\u00e1ros m\u00e1sik r\u00e9sz\u00e9n, \u00e9s \u00fagy pr\u00f3b\u00e1lta meg elcsalni Joe \u00fcgyfeleit, hogy m\u00e1r kora reggel megnyitotta a st\u00fadi\u00f3 kapuit. Joe \u00e9s Clara menedzsere szerint Joe fegyverrel fenyeget\u0151zve utas\u00edtotta Seed-et, hogy hagyja el a v\u00e1rost. Seed st\u00fadi\u00f3ja nem sokkal az incidens ut\u00e1n bez\u00e1rt.<\/p>\n<p style=\"text-align: justify;\"><em><strong>A mester hal\u00e1la<\/strong><\/em><\/p>\n<p style=\"text-align: justify;\">Joe eg\u00e9szen 1967-ben bek\u00f6vetkezett hal\u00e1l\u00e1ig tartott edz\u00e9seket \u00fcgyfeleinek. Nem hagyott h\u00e1tra v\u00e9grendeletet, \u00e9s a pilates sors\u00e1t illet\u0151en sem rendelkezett.<\/p>\n<p style=\"text-align: justify;\">Ennek ellen\u00e9re a pilates nem mer\u00fclt feled\u00e9sbe, ugyanis Clara \u00e9s n\u00e9h\u00e1ny tan\u00edtv\u00e1ny folytatt\u00e1k Joe munk\u00e1j\u00e1t.<\/p>\n<p style=\"text-align: justify;\"><em>Cikk\u00fcnk folytat\u00e1s\u00e1b\u00f3l megtudhatja, ki vitte tov\u00e1bb Pilates tan\u00edt\u00e1sait a mester 1967-ben bek\u00f6vetkezett hal\u00e1la ut\u00e1n.<\/em><\/p>","protected":false},"excerpt":{"rendered":"<p>Pilates is the name of a sickly boy, Joe Pilates, who wanted to live a healthier life. Combining Eastern and Western movement cultures, the method quickly caught on with European dancers and soldiers. In the second of a three-part series, find out how the method came to the United States.<\/p>","protected":false},"author":1,"featured_media":84,"comment_status":"open","ping_status":"open","sticky":false,"template":"","format":"standard","meta":{"footnotes":""},"categories":[8],"tags":[],"class_list":["post-82","post","type-post","status-publish","format-standard","has-post-thumbnail","hentry","category-pilates"],"yoast_head":"<!-- This site is optimized with the Yoast SEO plugin v27.3 - https:\/\/yoast.com\/product\/yoast-seo-wordpress\/ -->\n<title>A pilates eredete \u2013 2. r\u00e9sz - Up Pilates Studiio<\/title>\n<meta name=\"robots\" content=\"index, follow, max-snippet:-1, max-image-preview:large, max-video-preview:-1\" \/>\n<link rel=\"canonical\" href=\"https:\/\/uppilatesstudio.hu\/en\/a-pilates-eredete-2-resz\/\" \/>\n<meta property=\"og:locale\" content=\"en_GB\" \/>\n<meta property=\"og:type\" content=\"article\" \/>\n<meta property=\"og:title\" content=\"A pilates eredete \u2013 2. r\u00e9sz - Up Pilates Studiio\" \/>\n<meta property=\"og:description\" content=\"A pilates egy beteges kisfi\u00fa, Joe Pilates nev\u00e9hez k\u00f6thet\u0151, aki eg\u00e9szs\u00e9gesebben szeretett volna \u00e9lni. A keleti \u00e9s nyugati mozg\u00e1skult\u00far\u00e1t \u00f6tv\u00f6z\u0151 m\u00f3dszer gyorsan megh\u00f3d\u00edtotta az eur\u00f3pai t\u00e1ncosokat \u00e9s katon\u00e1kat. H\u00e1rom r\u00e9szes cikksorozatunk m\u00e1sodik r\u00e9sz\u00e9b\u0151l megtudhatod, hogyan jutott el a m\u00f3dszer az Amerikai Egyes\u00fclt \u00c1llamokba.\" \/>\n<meta property=\"og:url\" content=\"https:\/\/uppilatesstudio.hu\/en\/a-pilates-eredete-2-resz\/\" \/>\n<meta property=\"og:site_name\" content=\"Up Pilates Studiio\" \/>\n<meta property=\"article:published_time\" content=\"2017-04-10T14:05:35+00:00\" \/>\n<meta property=\"og:image\" content=\"https:\/\/uppilatesstudio.hu\/wp-content\/uploads\/2017\/04\/A-pilates-eredete2.jpg\" \/>\n\t<meta property=\"og:image:width\" content=\"1000\" \/>\n\t<meta property=\"og:image:height\" content=\"598\" \/>\n\t<meta property=\"og:image:type\" content=\"image\/jpeg\" \/>\n<meta name=\"author\" content=\"Jancs\u00f3 Veronika\" \/>\n<meta name=\"twitter:card\" content=\"summary_large_image\" \/>\n<meta name=\"twitter:label1\" content=\"Written by\" \/>\n\t<meta name=\"twitter:data1\" content=\"Jancs\u00f3 Veronika\" \/>\n\t<meta name=\"twitter:label2\" content=\"Estimated reading time\" \/>\n\t<meta name=\"twitter:data2\" content=\"3 minutes\" \/>\n<script type=\"application\/ld+json\" class=\"yoast-schema-graph\">{\"@context\":\"https:\\\/\\\/schema.org\",\"@graph\":[{\"@type\":\"Article\",\"@id\":\"https:\\\/\\\/uppilatesstudio.hu\\\/a-pilates-eredete-2-resz\\\/#article\",\"isPartOf\":{\"@id\":\"https:\\\/\\\/uppilatesstudio.hu\\\/a-pilates-eredete-2-resz\\\/\"},\"author\":{\"name\":\"Jancs\u00f3 Veronika\",\"@id\":\"https:\\\/\\\/uppilatesstudio.hu\\\/#\\\/schema\\\/person\\\/3cb19d5e0b75b0515cbf0d6b87272d9a\"},\"headline\":\"A pilates eredete \u2013 2. r\u00e9sz\",\"datePublished\":\"2017-04-10T14:05:35+00:00\",\"mainEntityOfPage\":{\"@id\":\"https:\\\/\\\/uppilatesstudio.hu\\\/a-pilates-eredete-2-resz\\\/\"},\"wordCount\":549,\"commentCount\":0,\"publisher\":{\"@id\":\"https:\\\/\\\/uppilatesstudio.hu\\\/#organization\"},\"image\":{\"@id\":\"https:\\\/\\\/uppilatesstudio.hu\\\/a-pilates-eredete-2-resz\\\/#primaryimage\"},\"thumbnailUrl\":\"https:\\\/\\\/uppilatesstudio.hu\\\/wp-content\\\/uploads\\\/2017\\\/04\\\/A-pilates-eredete2.jpg\",\"articleSection\":[\"Pilates\"],\"inLanguage\":\"en-GB\",\"potentialAction\":[{\"@type\":\"CommentAction\",\"name\":\"Comment\",\"target\":[\"https:\\\/\\\/uppilatesstudio.hu\\\/a-pilates-eredete-2-resz\\\/#respond\"]}]},{\"@type\":\"WebPage\",\"@id\":\"https:\\\/\\\/uppilatesstudio.hu\\\/a-pilates-eredete-2-resz\\\/\",\"url\":\"https:\\\/\\\/uppilatesstudio.hu\\\/a-pilates-eredete-2-resz\\\/\",\"name\":\"A pilates eredete \u2013 2. r\u00e9sz - Up Pilates Studiio\",\"isPartOf\":{\"@id\":\"https:\\\/\\\/uppilatesstudio.hu\\\/#website\"},\"primaryImageOfPage\":{\"@id\":\"https:\\\/\\\/uppilatesstudio.hu\\\/a-pilates-eredete-2-resz\\\/#primaryimage\"},\"image\":{\"@id\":\"https:\\\/\\\/uppilatesstudio.hu\\\/a-pilates-eredete-2-resz\\\/#primaryimage\"},\"thumbnailUrl\":\"https:\\\/\\\/uppilatesstudio.hu\\\/wp-content\\\/uploads\\\/2017\\\/04\\\/A-pilates-eredete2.jpg\",\"datePublished\":\"2017-04-10T14:05:35+00:00\",\"breadcrumb\":{\"@id\":\"https:\\\/\\\/uppilatesstudio.hu\\\/a-pilates-eredete-2-resz\\\/#breadcrumb\"},\"inLanguage\":\"en-GB\",\"potentialAction\":[{\"@type\":\"ReadAction\",\"target\":[\"https:\\\/\\\/uppilatesstudio.hu\\\/a-pilates-eredete-2-resz\\\/\"]}]},{\"@type\":\"ImageObject\",\"inLanguage\":\"en-GB\",\"@id\":\"https:\\\/\\\/uppilatesstudio.hu\\\/a-pilates-eredete-2-resz\\\/#primaryimage\",\"url\":\"https:\\\/\\\/uppilatesstudio.hu\\\/wp-content\\\/uploads\\\/2017\\\/04\\\/A-pilates-eredete2.jpg\",\"contentUrl\":\"https:\\\/\\\/uppilatesstudio.hu\\\/wp-content\\\/uploads\\\/2017\\\/04\\\/A-pilates-eredete2.jpg\",\"width\":1000,\"height\":598},{\"@type\":\"BreadcrumbList\",\"@id\":\"https:\\\/\\\/uppilatesstudio.hu\\\/a-pilates-eredete-2-resz\\\/#breadcrumb\",\"itemListElement\":[{\"@type\":\"ListItem\",\"position\":1,\"name\":\"Home\",\"item\":\"https:\\\/\\\/uppilatesstudio.hu\\\/\"},{\"@type\":\"ListItem\",\"position\":2,\"name\":\"A pilates eredete \u2013 2. r\u00e9sz\"}]},{\"@type\":\"WebSite\",\"@id\":\"https:\\\/\\\/uppilatesstudio.hu\\\/#website\",\"url\":\"https:\\\/\\\/uppilatesstudio.hu\\\/\",\"name\":\"Up Pilates Studiio\",\"description\":\"A karcs\u00fa, form\u00e1s test\u00e9rt \u00e9s er\u0151s izomzat\u00e9rt!\",\"publisher\":{\"@id\":\"https:\\\/\\\/uppilatesstudio.hu\\\/#organization\"},\"potentialAction\":[{\"@type\":\"SearchAction\",\"target\":{\"@type\":\"EntryPoint\",\"urlTemplate\":\"https:\\\/\\\/uppilatesstudio.hu\\\/?s={search_term_string}\"},\"query-input\":{\"@type\":\"PropertyValueSpecification\",\"valueRequired\":true,\"valueName\":\"search_term_string\"}}],\"inLanguage\":\"en-GB\"},{\"@type\":\"Organization\",\"@id\":\"https:\\\/\\\/uppilatesstudio.hu\\\/#organization\",\"name\":\"Up Pilates Studiio\",\"url\":\"https:\\\/\\\/uppilatesstudio.hu\\\/\",\"logo\":{\"@type\":\"ImageObject\",\"inLanguage\":\"en-GB\",\"@id\":\"https:\\\/\\\/uppilatesstudio.hu\\\/#\\\/schema\\\/logo\\\/image\\\/\",\"url\":\"https:\\\/\\\/uppilatesstudio.hu\\\/wp-content\\\/uploads\\\/2017\\\/04\\\/logo.jpg\",\"contentUrl\":\"https:\\\/\\\/uppilatesstudio.hu\\\/wp-content\\\/uploads\\\/2017\\\/04\\\/logo.jpg\",\"width\":749,\"height\":987,\"caption\":\"Up Pilates Studiio\"},\"image\":{\"@id\":\"https:\\\/\\\/uppilatesstudio.hu\\\/#\\\/schema\\\/logo\\\/image\\\/\"}},{\"@type\":\"Person\",\"@id\":\"https:\\\/\\\/uppilatesstudio.hu\\\/#\\\/schema\\\/person\\\/3cb19d5e0b75b0515cbf0d6b87272d9a\",\"name\":\"Jancs\u00f3 Veronika\",\"image\":{\"@type\":\"ImageObject\",\"inLanguage\":\"en-GB\",\"@id\":\"https:\\\/\\\/secure.gravatar.com\\\/avatar\\\/52bfa78053ab0455ebaa94c3d7897febe5091a08c01cc5b279b60d266640d0ae?s=96&d=mm&r=g\",\"url\":\"https:\\\/\\\/secure.gravatar.com\\\/avatar\\\/52bfa78053ab0455ebaa94c3d7897febe5091a08c01cc5b279b60d266640d0ae?s=96&d=mm&r=g\",\"contentUrl\":\"https:\\\/\\\/secure.gravatar.com\\\/avatar\\\/52bfa78053ab0455ebaa94c3d7897febe5091a08c01cc5b279b60d266640d0ae?s=96&d=mm&r=g\",\"caption\":\"Jancs\u00f3 Veronika\"},\"url\":\"https:\\\/\\\/uppilatesstudio.hu\\\/en\\\/author\\\/admin\\\/\"}]}<\/script>\n<!-- \/ Yoast SEO plugin. -->","yoast_head_json":{"title":"A pilates eredete \u2013 2. r\u00e9sz - Up Pilates Studiio","robots":{"index":"index","follow":"follow","max-snippet":"max-snippet:-1","max-image-preview":"max-image-preview:large","max-video-preview":"max-video-preview:-1"},"canonical":"https:\/\/uppilatesstudio.hu\/en\/a-pilates-eredete-2-resz\/","og_locale":"en_GB","og_type":"article","og_title":"A pilates eredete \u2013 2. r\u00e9sz - Up Pilates Studiio","og_description":"A pilates egy beteges kisfi\u00fa, Joe Pilates nev\u00e9hez k\u00f6thet\u0151, aki eg\u00e9szs\u00e9gesebben szeretett volna \u00e9lni. A keleti \u00e9s nyugati mozg\u00e1skult\u00far\u00e1t \u00f6tv\u00f6z\u0151 m\u00f3dszer gyorsan megh\u00f3d\u00edtotta az eur\u00f3pai t\u00e1ncosokat \u00e9s katon\u00e1kat. H\u00e1rom r\u00e9szes cikksorozatunk m\u00e1sodik r\u00e9sz\u00e9b\u0151l megtudhatod, hogyan jutott el a m\u00f3dszer az Amerikai Egyes\u00fclt \u00c1llamokba.","og_url":"https:\/\/uppilatesstudio.hu\/en\/a-pilates-eredete-2-resz\/","og_site_name":"Up Pilates Studiio","article_published_time":"2017-04-10T14:05:35+00:00","og_image":[{"width":1000,"height":598,"url":"https:\/\/uppilatesstudio.hu\/wp-content\/uploads\/2017\/04\/A-pilates-eredete2.jpg","type":"image\/jpeg"}],"author":"Jancs\u00f3 Veronika","twitter_card":"summary_large_image","twitter_misc":{"Written by":"Jancs\u00f3 Veronika","Estimated reading time":"3 minutes"},"schema":{"@context":"https:\/\/schema.org","@graph":[{"@type":"Article","@id":"https:\/\/uppilatesstudio.hu\/a-pilates-eredete-2-resz\/#article","isPartOf":{"@id":"https:\/\/uppilatesstudio.hu\/a-pilates-eredete-2-resz\/"},"author":{"name":"Jancs\u00f3 Veronika","@id":"https:\/\/uppilatesstudio.hu\/#\/schema\/person\/3cb19d5e0b75b0515cbf0d6b87272d9a"},"headline":"A pilates eredete \u2013 2. r\u00e9sz","datePublished":"2017-04-10T14:05:35+00:00","mainEntityOfPage":{"@id":"https:\/\/uppilatesstudio.hu\/a-pilates-eredete-2-resz\/"},"wordCount":549,"commentCount":0,"publisher":{"@id":"https:\/\/uppilatesstudio.hu\/#organization"},"image":{"@id":"https:\/\/uppilatesstudio.hu\/a-pilates-eredete-2-resz\/#primaryimage"},"thumbnailUrl":"https:\/\/uppilatesstudio.hu\/wp-content\/uploads\/2017\/04\/A-pilates-eredete2.jpg","articleSection":["Pilates"],"inLanguage":"en-GB","potentialAction":[{"@type":"CommentAction","name":"Comment","target":["https:\/\/uppilatesstudio.hu\/a-pilates-eredete-2-resz\/#respond"]}]},{"@type":"WebPage","@id":"https:\/\/uppilatesstudio.hu\/a-pilates-eredete-2-resz\/","url":"https:\/\/uppilatesstudio.hu\/a-pilates-eredete-2-resz\/","name":"A pilates eredete \u2013 2. r\u00e9sz - Up Pilates Studiio","isPartOf":{"@id":"https:\/\/uppilatesstudio.hu\/#website"},"primaryImageOfPage":{"@id":"https:\/\/uppilatesstudio.hu\/a-pilates-eredete-2-resz\/#primaryimage"},"image":{"@id":"https:\/\/uppilatesstudio.hu\/a-pilates-eredete-2-resz\/#primaryimage"},"thumbnailUrl":"https:\/\/uppilatesstudio.hu\/wp-content\/uploads\/2017\/04\/A-pilates-eredete2.jpg","datePublished":"2017-04-10T14:05:35+00:00","breadcrumb":{"@id":"https:\/\/uppilatesstudio.hu\/a-pilates-eredete-2-resz\/#breadcrumb"},"inLanguage":"en-GB","potentialAction":[{"@type":"ReadAction","target":["https:\/\/uppilatesstudio.hu\/a-pilates-eredete-2-resz\/"]}]},{"@type":"ImageObject","inLanguage":"en-GB","@id":"https:\/\/uppilatesstudio.hu\/a-pilates-eredete-2-resz\/#primaryimage","url":"https:\/\/uppilatesstudio.hu\/wp-content\/uploads\/2017\/04\/A-pilates-eredete2.jpg","contentUrl":"https:\/\/uppilatesstudio.hu\/wp-content\/uploads\/2017\/04\/A-pilates-eredete2.jpg","width":1000,"height":598},{"@type":"BreadcrumbList","@id":"https:\/\/uppilatesstudio.hu\/a-pilates-eredete-2-resz\/#breadcrumb","itemListElement":[{"@type":"ListItem","position":1,"name":"Home","item":"https:\/\/uppilatesstudio.hu\/"},{"@type":"ListItem","position":2,"name":"A pilates eredete \u2013 2. r\u00e9sz"}]},{"@type":"WebSite","@id":"https:\/\/uppilatesstudio.hu\/#website","url":"https:\/\/uppilatesstudio.hu\/","name":"Up Pilates Studio","description":"For a slim, shapely body and strong muscles!","publisher":{"@id":"https:\/\/uppilatesstudio.hu\/#organization"},"potentialAction":[{"@type":"SearchAction","target":{"@type":"EntryPoint","urlTemplate":"https:\/\/uppilatesstudio.hu\/?s={search_term_string}"},"query-input":{"@type":"PropertyValueSpecification","valueRequired":true,"valueName":"search_term_string"}}],"inLanguage":"en-GB"},{"@type":"Organization","@id":"https:\/\/uppilatesstudio.hu\/#organization","name":"Up Pilates Studio","url":"https:\/\/uppilatesstudio.hu\/","logo":{"@type":"ImageObject","inLanguage":"en-GB","@id":"https:\/\/uppilatesstudio.hu\/#\/schema\/logo\/image\/","url":"https:\/\/uppilatesstudio.hu\/wp-content\/uploads\/2017\/04\/logo.jpg","contentUrl":"https:\/\/uppilatesstudio.hu\/wp-content\/uploads\/2017\/04\/logo.jpg","width":749,"height":987,"caption":"Up Pilates Studiio"},"image":{"@id":"https:\/\/uppilatesstudio.hu\/#\/schema\/logo\/image\/"}},{"@type":"Person","@id":"https:\/\/uppilatesstudio.hu\/#\/schema\/person\/3cb19d5e0b75b0515cbf0d6b87272d9a","name":"Veronika Jancs\u00f3","image":{"@type":"ImageObject","inLanguage":"en-GB","@id":"https:\/\/secure.gravatar.com\/avatar\/52bfa78053ab0455ebaa94c3d7897febe5091a08c01cc5b279b60d266640d0ae?s=96&d=mm&r=g","url":"https:\/\/secure.gravatar.com\/avatar\/52bfa78053ab0455ebaa94c3d7897febe5091a08c01cc5b279b60d266640d0ae?s=96&d=mm&r=g","contentUrl":"https:\/\/secure.gravatar.com\/avatar\/52bfa78053ab0455ebaa94c3d7897febe5091a08c01cc5b279b60d266640d0ae?s=96&d=mm&r=g","caption":"Jancs\u00f3 Veronika"},"url":"https:\/\/uppilatesstudio.hu\/en\/author\/admin\/"}]}},"_links":{"self":[{"href":"https:\/\/uppilatesstudio.hu\/en\/wp-json\/wp\/v2\/posts\/82","targetHints":{"allow":["GET"]}}],"collection":[{"href":"https:\/\/uppilatesstudio.hu\/en\/wp-json\/wp\/v2\/posts"}],"about":[{"href":"https:\/\/uppilatesstudio.hu\/en\/wp-json\/wp\/v2\/types\/post"}],"author":[{"embeddable":true,"href":"https:\/\/uppilatesstudio.hu\/en\/wp-json\/wp\/v2\/users\/1"}],"replies":[{"embeddable":true,"href":"https:\/\/uppilatesstudio.hu\/en\/wp-json\/wp\/v2\/comments?post=82"}],"version-history":[{"count":1,"href":"https:\/\/uppilatesstudio.hu\/en\/wp-json\/wp\/v2\/posts\/82\/revisions"}],"predecessor-version":[{"id":85,"href":"https:\/\/uppilatesstudio.hu\/en\/wp-json\/wp\/v2\/posts\/82\/revisions\/85"}],"wp:featuredmedia":[{"embeddable":true,"href":"https:\/\/uppilatesstudio.hu\/en\/wp-json\/wp\/v2\/media\/84"}],"wp:attachment":[{"href":"https:\/\/uppilatesstudio.hu\/en\/wp-json\/wp\/v2\/media?parent=82"}],"wp:term":[{"taxonomy":"category","embeddable":true,"href":"https:\/\/uppilatesstudio.hu\/en\/wp-json\/wp\/v2\/categories?post=82"},{"taxonomy":"post_tag","embeddable":true,"href":"https:\/\/uppilatesstudio.hu\/en\/wp-json\/wp\/v2\/tags?post=82"}],"curies":[{"name":"wp","href":"https:\/\/api.w.org\/{rel}","templated":true}]}}