{"id":661,"date":"2018-10-18T17:21:02","date_gmt":"2018-10-18T15:21:02","guid":{"rendered":"http:\/\/pilates.sport.hu\/?p=661"},"modified":"2018-10-18T17:26:31","modified_gmt":"2018-10-18T15:26:31","slug":"miert-erdemes-a-gerincet-treningezni-a-gerinc-egeszsege","status":"publish","type":"post","link":"https:\/\/uppilatesstudio.hu\/en\/miert-erdemes-a-gerincet-treningezni-a-gerinc-egeszsege\/","title":{"rendered":"Why \"train\" the spine? The health of the spine"},"content":{"rendered":"<p><em>Above all <strong><u>a few words about the spine<\/u><\/strong>, just to make it easier to understand why it is worth paying close attention and supporting your health in every way possible.<\/em><\/p>\n<p>Our spinal column is the foundation of our skeletal system, the central pillar of our body, the supporting column. It stretches between the skull and the pelvis, holding the trunk, to which the head and limbs are connected, making up our whole body. It also protects the spinal cord, nerves and blood vessels that run through it ( So it has plenty to do:) ).<\/p>\n<p>Anatomically, it is composed of a succession of hard (vertebral bodies) and soft, soft parts (discs, tendons, ligaments and muscles) that provide flexibility. The discs that connect the vertebrae act as shock absorbers to prevent external loads (impacts, pressures, etc.) from causing them to friction (and thus wear) and to prevent them from pushing against each other, thus supporting the weight of the body.<\/p>\n<p>The spine consists of 7 cervical, 12 dorsal, 5 lumbar, 5 sacral and 3-5 caudal vertebrae. In lateral view, it has a double \"S\" shaped curvature, which is the result of the uprighting of the human body.<\/p>\n<p>To perform your tasks optimally, it is essential that your health is also optimal!<\/p>\n<p>To put it another way: our lives, our<strong> GOOD TO LEAVE, <\/strong>from <strong>A healthy spine is the foundation of OUR HEALTH\u00a0<\/strong>(would be)<strong>! <\/strong><\/p>\n<p>&nbsp;<\/p>\n<p>Due to the sedentary lifestyle of today's modern and fast-paced world, our bodies, among other things <strong><u>our stabilising muscles that support and protect the spinal column are weakened, and ergonomically unfavourable muscle-nerve relationships are fixed and locked in place during our daily routine activities.<\/u><\/strong> (sitting at the computer, desk, in front of the TV, in the car, on public transport - we slowly forget how to walk:), using ever smarter and smaller technical and comfort devices, etc.) All this leads to long-term body imbalances, and later to musculoskeletal and other health complaints, which worsen our general well-being, and in the worst case, can make our everyday life miserable. In the long term, the pain, reduced mobility, visits to the doctor, forced cancellations, etc., in turn reduce our quality of life.<\/p>\n<p><strong>\u00a0<\/strong><\/p>\n<p><strong>So what can we do to keep our spines healthy?<\/strong><\/p>\n<p>A <strong>With GERINCTRENING, we can support the central pillar of our body in a targeted and effective way from the movement side<\/strong>.<\/p>\n<p><strong>What does the term spinal training mean?  Why should you exercise regularly?<\/strong><\/p>\n<p>Spinal gymnastics is a complex form of exercise that goes well beyond a health maintenance workout. It works on the whole body and, through it, the mind, and when practised regularly can make a positive difference in many areas of our lives, significantly improving our quality of life.<\/p>\n<p>Spinal core exercises strengthen the muscles responsible for spinal stability and help to maintain and restore spinal mobility. As such, it primarily involves the development, strengthening and stretching of the muscles of the trunk, with particular emphasis on the deep back muscles adjacent to the spine, which receive less attention in other traditional aerobic, functional or other workouts. However, properly composed exercises train not only the muscles of the back and abdomen, but also the muscles of the hips, shoulders, arms and legs, and thus the whole body.<\/p>\n<p><u>The effects of regular back training:<\/u><\/p>\n<ul>\n<li>Makes you stronger, more enduring and more agile<\/li>\n<li>It can reduce or even eliminate neck, shoulder, back and lower back pain caused by poor lifestyle and exercise patterns and<\/li>\n<li>Helps restore muscle balance to the body<\/li>\n<li>Improves muscle tone<\/li>\n<li>Shapes the figure<\/li>\n<li>Improves posture and coordination of movements,<\/li>\n<li>Increases body awareness<\/li>\n<li>The body is almost reborn \ud83d\ude42<\/li>\n<\/ul>\n<p><strong>\u00a0<\/strong><\/p>\n<p><strong>Who is it for?<\/strong><\/p>\n<p><strong>The foregoing may dispel the possible misconception,<\/strong><strong> that spinal training is an exercise programme for the elderly and people with spinal<\/strong><strong>m.<\/strong><\/p>\n<p><strong>In addition, it is recommended to m<\/strong><strong>indazok<\/strong><strong>nak<\/strong><strong>, who spend more than two hours a day in the same posture<\/strong><strong>(sedentary work, standing work<\/strong><strong>, <\/strong><strong>\"relaxing\" at home in front of the TV on the sofa, sitting in front of the computer, etc.) or are regularly subjected to unilateral strain. A<\/strong><strong>who need to find the best place to sleep at night so they don't wake up feeling groggy, who <\/strong><strong>even a shrug or a turn of the head is uncomfortable. A<\/strong><strong>who have once uttered the words \"my neck is stiff\", \"my back is stiff, <\/strong><strong>\"my waist is falling off\" etc.<\/strong> <strong>\u00a0A<\/strong><strong>for those who<\/strong><strong>to difficulties<\/strong> <strong>causes them to bend over to tie their shoelaces and those who <\/strong><strong>already know what it feels like when you make a wrong move <\/strong><strong>they can barely <\/strong><strong>Straighten up<\/strong><strong>.<\/strong><\/p>\n<p><strong>For young people, even from childhood or adolescence, in a more playful way, to get the right <\/strong><strong>posture and correct movement patterns are established, making it more likely to prevent later body imbalances. <\/strong><strong>For athletes as a supplement, for older people for daily exercise. For people who have already developed a musculoskeletal problem and who, with the cooperation of a doctor, need rehabilitation. For those who prefer safe, low-intensity forms of exercise that shape their body, develop their movement culture and body awareness, and improve their body image.<\/strong><\/p>\n<p><strong>\u00a0<\/strong><\/p>\n<p><strong>In summary: <\/strong><strong>a vertebrate<\/strong><strong>regardless of age, gender <\/strong><strong>Recommendation<\/strong><strong>there<\/strong><strong> all<\/strong><strong>, born with spina bifida, walking upright on two legs, who for a long time <\/strong><strong>you want to use the support column of your body as intended, without pain<\/strong><strong>, while enjoying the pleasant side effects of flexible, toned muscles, a nice posture and the praise they earn:)<\/strong><\/p>\n<p><strong>\u00a0<\/strong><\/p>\n<p><strong>What happens in a ger<\/strong><strong>inctraining, what kind of exercises can we expect, how is a lesson put together?<\/strong><\/p>\n<p><strong>\u00a0<\/strong><\/p>\n<p><strong>The 55-minute session starts with a warm-up to prepare the body (joints, muscles, cardio system) for the workload. We then work the whole body in a targeted way, focusing on the deep and superficial muscles responsible for the stability of the spine. <\/strong>The exercises are simple and easy to follow, yet complex in their effects. <strong>The transition between each exercise is an active or more passive mobilisation, whereby the muscles and muscle groups under stress are relaxed and rested, while still maintaining their state of readiness for the rest of the class. <\/strong>A spinal workout can include more dynamic exercises with a pulse increase, as well as stabilisation or static exercises and stretching.<\/p>\n<p>The class is made even more enjoyable by the use of various equipment (fitball, softball, dyner pads, roller, etc.).<\/p>\n<p>&nbsp;<\/p>\n<p>Spinal training is recommended 2-3 times a week to establish and routine correct postures and movement patterns that can be transferred into everyday activities (how to sit, how to bend, how to lift, how to hold your head, how to hold your pelvis, etc.) to achieve truly life-changing HEALTH results:)<\/p>\n<p>T\u00edmea Simitska<\/p>\n<p>&nbsp;<\/p>\n<p><strong>\u00a0<\/strong><\/p>\n<p><strong>\u00a0<\/strong><\/p>\n<p>&nbsp;<\/p>","protected":false},"excerpt":{"rendered":"<p>First of all, a few words about the spine, just to make it easier to understand why it's worth paying close attention to it and supporting its health in every way possible. Our spinal column is the foundation of our skeletal system, the central pillar of our body, the supporting column. It stretches between the skull and the pelvis, supporting the trunk, to which the head and limbs are connected, making up our entire body. It also protects [...]<\/p>","protected":false},"author":1,"featured_media":664,"comment_status":"closed","ping_status":"closed","sticky":false,"template":"","format":"standard","meta":{"footnotes":""},"categories":[31],"tags":[30,34],"class_list":["post-661","post","type-post","status-publish","format-standard","has-post-thumbnail","hentry","category-gerinctrening","tag-gerinctrening","tag-preventiv-gerinctrening"],"yoast_head":"<!-- This site is optimized with the Yoast SEO plugin v27.3 - https:\/\/yoast.com\/product\/yoast-seo-wordpress\/ -->\n<title>Mi\u00e9rt \u00e9rdemes a gerincet \u201ctr\u00e9ningezni\u201d? A gerinc eg\u00e9szs\u00e9ge - Up Pilates Studiio<\/title>\n<meta name=\"robots\" content=\"index, follow, max-snippet:-1, max-image-preview:large, max-video-preview:-1\" \/>\n<link rel=\"canonical\" href=\"https:\/\/uppilatesstudio.hu\/en\/miert-erdemes-a-gerincet-treningezni-a-gerinc-egeszsege\/\" \/>\n<meta property=\"og:locale\" content=\"en_GB\" \/>\n<meta property=\"og:type\" content=\"article\" \/>\n<meta property=\"og:title\" content=\"Mi\u00e9rt \u00e9rdemes a gerincet \u201ctr\u00e9ningezni\u201d? A gerinc eg\u00e9szs\u00e9ge - Up Pilates Studiio\" \/>\n<meta property=\"og:description\" content=\"Mindenek el\u0151tt n\u00e9h\u00e1ny sz\u00f3 a gerincr\u0151l, csak hogy k\u00f6nnyebben meg\u00e9rts\u00fck, mi\u00e9rt \u00e9rdemes nagy figyelmet ford\u00edtanunk r\u00e1 \u00e9s minden ir\u00e1nyb\u00f3l t\u00e1mogatnunk az eg\u00e9szs\u00e9g\u00e9t. A gerincoszlopunk a v\u00e1zrendszer\u00fcnk alapja, test\u00fcnk k\u00f6zponti pill\u00e9re, tart\u00f3oszlopa. A koponya \u00e9s a medence k\u00f6zt h\u00faz\u00f3dik, tartja a t\u00f6rzset, amelyhez kapcsol\u00f3dik a fej \u00e9s a v\u00e9gtagok, \u00edgy alkotva a teljes test\u00fcnket. Emellett v\u00e9di [&hellip;]\" \/>\n<meta property=\"og:url\" content=\"https:\/\/uppilatesstudio.hu\/en\/miert-erdemes-a-gerincet-treningezni-a-gerinc-egeszsege\/\" \/>\n<meta property=\"og:site_name\" content=\"Up Pilates Studiio\" \/>\n<meta property=\"article:published_time\" content=\"2018-10-18T15:21:02+00:00\" \/>\n<meta property=\"article:modified_time\" content=\"2018-10-18T15:26:31+00:00\" \/>\n<meta property=\"og:image\" content=\"https:\/\/uppilatesstudio.hu\/wp-content\/uploads\/2018\/10\/PIL_8081-2-e1721643224870.jpg\" \/>\n\t<meta property=\"og:image:width\" content=\"1000\" \/>\n\t<meta property=\"og:image:height\" content=\"600\" \/>\n\t<meta property=\"og:image:type\" content=\"image\/jpeg\" \/>\n<meta name=\"author\" content=\"Jancs\u00f3 Veronika\" \/>\n<meta name=\"twitter:card\" content=\"summary_large_image\" \/>\n<meta name=\"twitter:label1\" content=\"Written by\" \/>\n\t<meta name=\"twitter:data1\" content=\"Jancs\u00f3 Veronika\" \/>\n\t<meta name=\"twitter:label2\" content=\"Estimated reading time\" \/>\n\t<meta name=\"twitter:data2\" content=\"7 minutes\" \/>\n<script type=\"application\/ld+json\" class=\"yoast-schema-graph\">{\"@context\":\"https:\\\/\\\/schema.org\",\"@graph\":[{\"@type\":\"Article\",\"@id\":\"https:\\\/\\\/uppilatesstudio.hu\\\/miert-erdemes-a-gerincet-treningezni-a-gerinc-egeszsege\\\/#article\",\"isPartOf\":{\"@id\":\"https:\\\/\\\/uppilatesstudio.hu\\\/miert-erdemes-a-gerincet-treningezni-a-gerinc-egeszsege\\\/\"},\"author\":{\"name\":\"Jancs\u00f3 Veronika\",\"@id\":\"https:\\\/\\\/uppilatesstudio.hu\\\/#\\\/schema\\\/person\\\/3cb19d5e0b75b0515cbf0d6b87272d9a\"},\"headline\":\"Mi\u00e9rt \u00e9rdemes a gerincet \u201ctr\u00e9ningezni\u201d? A gerinc eg\u00e9szs\u00e9ge\",\"datePublished\":\"2018-10-18T15:21:02+00:00\",\"dateModified\":\"2018-10-18T15:26:31+00:00\",\"mainEntityOfPage\":{\"@id\":\"https:\\\/\\\/uppilatesstudio.hu\\\/miert-erdemes-a-gerincet-treningezni-a-gerinc-egeszsege\\\/\"},\"wordCount\":1366,\"publisher\":{\"@id\":\"https:\\\/\\\/uppilatesstudio.hu\\\/#organization\"},\"image\":{\"@id\":\"https:\\\/\\\/uppilatesstudio.hu\\\/miert-erdemes-a-gerincet-treningezni-a-gerinc-egeszsege\\\/#primaryimage\"},\"thumbnailUrl\":\"https:\\\/\\\/uppilatesstudio.hu\\\/wp-content\\\/uploads\\\/2018\\\/10\\\/PIL_8081-2-e1721643224870.jpg\",\"keywords\":[\"Gerinctr\u00e9ning\",\"prevent\u00edv gerinctr\u00e9ning\"],\"articleSection\":[\"gerinctr\u00e9ning\"],\"inLanguage\":\"en-GB\"},{\"@type\":\"WebPage\",\"@id\":\"https:\\\/\\\/uppilatesstudio.hu\\\/miert-erdemes-a-gerincet-treningezni-a-gerinc-egeszsege\\\/\",\"url\":\"https:\\\/\\\/uppilatesstudio.hu\\\/miert-erdemes-a-gerincet-treningezni-a-gerinc-egeszsege\\\/\",\"name\":\"Mi\u00e9rt \u00e9rdemes a gerincet \u201ctr\u00e9ningezni\u201d? A gerinc eg\u00e9szs\u00e9ge - Up Pilates Studiio\",\"isPartOf\":{\"@id\":\"https:\\\/\\\/uppilatesstudio.hu\\\/#website\"},\"primaryImageOfPage\":{\"@id\":\"https:\\\/\\\/uppilatesstudio.hu\\\/miert-erdemes-a-gerincet-treningezni-a-gerinc-egeszsege\\\/#primaryimage\"},\"image\":{\"@id\":\"https:\\\/\\\/uppilatesstudio.hu\\\/miert-erdemes-a-gerincet-treningezni-a-gerinc-egeszsege\\\/#primaryimage\"},\"thumbnailUrl\":\"https:\\\/\\\/uppilatesstudio.hu\\\/wp-content\\\/uploads\\\/2018\\\/10\\\/PIL_8081-2-e1721643224870.jpg\",\"datePublished\":\"2018-10-18T15:21:02+00:00\",\"dateModified\":\"2018-10-18T15:26:31+00:00\",\"breadcrumb\":{\"@id\":\"https:\\\/\\\/uppilatesstudio.hu\\\/miert-erdemes-a-gerincet-treningezni-a-gerinc-egeszsege\\\/#breadcrumb\"},\"inLanguage\":\"en-GB\",\"potentialAction\":[{\"@type\":\"ReadAction\",\"target\":[\"https:\\\/\\\/uppilatesstudio.hu\\\/miert-erdemes-a-gerincet-treningezni-a-gerinc-egeszsege\\\/\"]}]},{\"@type\":\"ImageObject\",\"inLanguage\":\"en-GB\",\"@id\":\"https:\\\/\\\/uppilatesstudio.hu\\\/miert-erdemes-a-gerincet-treningezni-a-gerinc-egeszsege\\\/#primaryimage\",\"url\":\"https:\\\/\\\/uppilatesstudio.hu\\\/wp-content\\\/uploads\\\/2018\\\/10\\\/PIL_8081-2-e1721643224870.jpg\",\"contentUrl\":\"https:\\\/\\\/uppilatesstudio.hu\\\/wp-content\\\/uploads\\\/2018\\\/10\\\/PIL_8081-2-e1721643224870.jpg\",\"width\":1000,\"height\":600},{\"@type\":\"BreadcrumbList\",\"@id\":\"https:\\\/\\\/uppilatesstudio.hu\\\/miert-erdemes-a-gerincet-treningezni-a-gerinc-egeszsege\\\/#breadcrumb\",\"itemListElement\":[{\"@type\":\"ListItem\",\"position\":1,\"name\":\"Home\",\"item\":\"https:\\\/\\\/uppilatesstudio.hu\\\/\"},{\"@type\":\"ListItem\",\"position\":2,\"name\":\"Mi\u00e9rt \u00e9rdemes a gerincet \u201ctr\u00e9ningezni\u201d? A gerinc eg\u00e9szs\u00e9ge\"}]},{\"@type\":\"WebSite\",\"@id\":\"https:\\\/\\\/uppilatesstudio.hu\\\/#website\",\"url\":\"https:\\\/\\\/uppilatesstudio.hu\\\/\",\"name\":\"Up Pilates Studiio\",\"description\":\"A karcs\u00fa, form\u00e1s test\u00e9rt \u00e9s er\u0151s izomzat\u00e9rt!\",\"publisher\":{\"@id\":\"https:\\\/\\\/uppilatesstudio.hu\\\/#organization\"},\"potentialAction\":[{\"@type\":\"SearchAction\",\"target\":{\"@type\":\"EntryPoint\",\"urlTemplate\":\"https:\\\/\\\/uppilatesstudio.hu\\\/?s={search_term_string}\"},\"query-input\":{\"@type\":\"PropertyValueSpecification\",\"valueRequired\":true,\"valueName\":\"search_term_string\"}}],\"inLanguage\":\"en-GB\"},{\"@type\":\"Organization\",\"@id\":\"https:\\\/\\\/uppilatesstudio.hu\\\/#organization\",\"name\":\"Up Pilates Studiio\",\"url\":\"https:\\\/\\\/uppilatesstudio.hu\\\/\",\"logo\":{\"@type\":\"ImageObject\",\"inLanguage\":\"en-GB\",\"@id\":\"https:\\\/\\\/uppilatesstudio.hu\\\/#\\\/schema\\\/logo\\\/image\\\/\",\"url\":\"https:\\\/\\\/uppilatesstudio.hu\\\/wp-content\\\/uploads\\\/2017\\\/04\\\/logo.jpg\",\"contentUrl\":\"https:\\\/\\\/uppilatesstudio.hu\\\/wp-content\\\/uploads\\\/2017\\\/04\\\/logo.jpg\",\"width\":749,\"height\":987,\"caption\":\"Up Pilates Studiio\"},\"image\":{\"@id\":\"https:\\\/\\\/uppilatesstudio.hu\\\/#\\\/schema\\\/logo\\\/image\\\/\"}},{\"@type\":\"Person\",\"@id\":\"https:\\\/\\\/uppilatesstudio.hu\\\/#\\\/schema\\\/person\\\/3cb19d5e0b75b0515cbf0d6b87272d9a\",\"name\":\"Jancs\u00f3 Veronika\",\"image\":{\"@type\":\"ImageObject\",\"inLanguage\":\"en-GB\",\"@id\":\"https:\\\/\\\/secure.gravatar.com\\\/avatar\\\/52bfa78053ab0455ebaa94c3d7897febe5091a08c01cc5b279b60d266640d0ae?s=96&d=mm&r=g\",\"url\":\"https:\\\/\\\/secure.gravatar.com\\\/avatar\\\/52bfa78053ab0455ebaa94c3d7897febe5091a08c01cc5b279b60d266640d0ae?s=96&d=mm&r=g\",\"contentUrl\":\"https:\\\/\\\/secure.gravatar.com\\\/avatar\\\/52bfa78053ab0455ebaa94c3d7897febe5091a08c01cc5b279b60d266640d0ae?s=96&d=mm&r=g\",\"caption\":\"Jancs\u00f3 Veronika\"},\"url\":\"https:\\\/\\\/uppilatesstudio.hu\\\/en\\\/author\\\/admin\\\/\"}]}<\/script>\n<!-- \/ Yoast SEO plugin. -->","yoast_head_json":{"title":"Mi\u00e9rt \u00e9rdemes a gerincet \u201ctr\u00e9ningezni\u201d? A gerinc eg\u00e9szs\u00e9ge - Up Pilates Studiio","robots":{"index":"index","follow":"follow","max-snippet":"max-snippet:-1","max-image-preview":"max-image-preview:large","max-video-preview":"max-video-preview:-1"},"canonical":"https:\/\/uppilatesstudio.hu\/en\/miert-erdemes-a-gerincet-treningezni-a-gerinc-egeszsege\/","og_locale":"en_GB","og_type":"article","og_title":"Mi\u00e9rt \u00e9rdemes a gerincet \u201ctr\u00e9ningezni\u201d? A gerinc eg\u00e9szs\u00e9ge - Up Pilates Studiio","og_description":"Mindenek el\u0151tt n\u00e9h\u00e1ny sz\u00f3 a gerincr\u0151l, csak hogy k\u00f6nnyebben meg\u00e9rts\u00fck, mi\u00e9rt \u00e9rdemes nagy figyelmet ford\u00edtanunk r\u00e1 \u00e9s minden ir\u00e1nyb\u00f3l t\u00e1mogatnunk az eg\u00e9szs\u00e9g\u00e9t. A gerincoszlopunk a v\u00e1zrendszer\u00fcnk alapja, test\u00fcnk k\u00f6zponti pill\u00e9re, tart\u00f3oszlopa. A koponya \u00e9s a medence k\u00f6zt h\u00faz\u00f3dik, tartja a t\u00f6rzset, amelyhez kapcsol\u00f3dik a fej \u00e9s a v\u00e9gtagok, \u00edgy alkotva a teljes test\u00fcnket. Emellett v\u00e9di [&hellip;]","og_url":"https:\/\/uppilatesstudio.hu\/en\/miert-erdemes-a-gerincet-treningezni-a-gerinc-egeszsege\/","og_site_name":"Up Pilates Studiio","article_published_time":"2018-10-18T15:21:02+00:00","article_modified_time":"2018-10-18T15:26:31+00:00","og_image":[{"width":1000,"height":600,"url":"https:\/\/uppilatesstudio.hu\/wp-content\/uploads\/2018\/10\/PIL_8081-2-e1721643224870.jpg","type":"image\/jpeg"}],"author":"Jancs\u00f3 Veronika","twitter_card":"summary_large_image","twitter_misc":{"Written by":"Jancs\u00f3 Veronika","Estimated reading time":"7 minutes"},"schema":{"@context":"https:\/\/schema.org","@graph":[{"@type":"Article","@id":"https:\/\/uppilatesstudio.hu\/miert-erdemes-a-gerincet-treningezni-a-gerinc-egeszsege\/#article","isPartOf":{"@id":"https:\/\/uppilatesstudio.hu\/miert-erdemes-a-gerincet-treningezni-a-gerinc-egeszsege\/"},"author":{"name":"Jancs\u00f3 Veronika","@id":"https:\/\/uppilatesstudio.hu\/#\/schema\/person\/3cb19d5e0b75b0515cbf0d6b87272d9a"},"headline":"Mi\u00e9rt \u00e9rdemes a gerincet \u201ctr\u00e9ningezni\u201d? A gerinc eg\u00e9szs\u00e9ge","datePublished":"2018-10-18T15:21:02+00:00","dateModified":"2018-10-18T15:26:31+00:00","mainEntityOfPage":{"@id":"https:\/\/uppilatesstudio.hu\/miert-erdemes-a-gerincet-treningezni-a-gerinc-egeszsege\/"},"wordCount":1366,"publisher":{"@id":"https:\/\/uppilatesstudio.hu\/#organization"},"image":{"@id":"https:\/\/uppilatesstudio.hu\/miert-erdemes-a-gerincet-treningezni-a-gerinc-egeszsege\/#primaryimage"},"thumbnailUrl":"https:\/\/uppilatesstudio.hu\/wp-content\/uploads\/2018\/10\/PIL_8081-2-e1721643224870.jpg","keywords":["Gerinctr\u00e9ning","prevent\u00edv gerinctr\u00e9ning"],"articleSection":["gerinctr\u00e9ning"],"inLanguage":"en-GB"},{"@type":"WebPage","@id":"https:\/\/uppilatesstudio.hu\/miert-erdemes-a-gerincet-treningezni-a-gerinc-egeszsege\/","url":"https:\/\/uppilatesstudio.hu\/miert-erdemes-a-gerincet-treningezni-a-gerinc-egeszsege\/","name":"Mi\u00e9rt \u00e9rdemes a gerincet \u201ctr\u00e9ningezni\u201d? A gerinc eg\u00e9szs\u00e9ge - Up Pilates Studiio","isPartOf":{"@id":"https:\/\/uppilatesstudio.hu\/#website"},"primaryImageOfPage":{"@id":"https:\/\/uppilatesstudio.hu\/miert-erdemes-a-gerincet-treningezni-a-gerinc-egeszsege\/#primaryimage"},"image":{"@id":"https:\/\/uppilatesstudio.hu\/miert-erdemes-a-gerincet-treningezni-a-gerinc-egeszsege\/#primaryimage"},"thumbnailUrl":"https:\/\/uppilatesstudio.hu\/wp-content\/uploads\/2018\/10\/PIL_8081-2-e1721643224870.jpg","datePublished":"2018-10-18T15:21:02+00:00","dateModified":"2018-10-18T15:26:31+00:00","breadcrumb":{"@id":"https:\/\/uppilatesstudio.hu\/miert-erdemes-a-gerincet-treningezni-a-gerinc-egeszsege\/#breadcrumb"},"inLanguage":"en-GB","potentialAction":[{"@type":"ReadAction","target":["https:\/\/uppilatesstudio.hu\/miert-erdemes-a-gerincet-treningezni-a-gerinc-egeszsege\/"]}]},{"@type":"ImageObject","inLanguage":"en-GB","@id":"https:\/\/uppilatesstudio.hu\/miert-erdemes-a-gerincet-treningezni-a-gerinc-egeszsege\/#primaryimage","url":"https:\/\/uppilatesstudio.hu\/wp-content\/uploads\/2018\/10\/PIL_8081-2-e1721643224870.jpg","contentUrl":"https:\/\/uppilatesstudio.hu\/wp-content\/uploads\/2018\/10\/PIL_8081-2-e1721643224870.jpg","width":1000,"height":600},{"@type":"BreadcrumbList","@id":"https:\/\/uppilatesstudio.hu\/miert-erdemes-a-gerincet-treningezni-a-gerinc-egeszsege\/#breadcrumb","itemListElement":[{"@type":"ListItem","position":1,"name":"Home","item":"https:\/\/uppilatesstudio.hu\/"},{"@type":"ListItem","position":2,"name":"Mi\u00e9rt \u00e9rdemes a gerincet \u201ctr\u00e9ningezni\u201d? A gerinc eg\u00e9szs\u00e9ge"}]},{"@type":"WebSite","@id":"https:\/\/uppilatesstudio.hu\/#website","url":"https:\/\/uppilatesstudio.hu\/","name":"Up Pilates Studio","description":"For a slim, shapely body and strong muscles!","publisher":{"@id":"https:\/\/uppilatesstudio.hu\/#organization"},"potentialAction":[{"@type":"SearchAction","target":{"@type":"EntryPoint","urlTemplate":"https:\/\/uppilatesstudio.hu\/?s={search_term_string}"},"query-input":{"@type":"PropertyValueSpecification","valueRequired":true,"valueName":"search_term_string"}}],"inLanguage":"en-GB"},{"@type":"Organization","@id":"https:\/\/uppilatesstudio.hu\/#organization","name":"Up Pilates Studio","url":"https:\/\/uppilatesstudio.hu\/","logo":{"@type":"ImageObject","inLanguage":"en-GB","@id":"https:\/\/uppilatesstudio.hu\/#\/schema\/logo\/image\/","url":"https:\/\/uppilatesstudio.hu\/wp-content\/uploads\/2017\/04\/logo.jpg","contentUrl":"https:\/\/uppilatesstudio.hu\/wp-content\/uploads\/2017\/04\/logo.jpg","width":749,"height":987,"caption":"Up Pilates Studiio"},"image":{"@id":"https:\/\/uppilatesstudio.hu\/#\/schema\/logo\/image\/"}},{"@type":"Person","@id":"https:\/\/uppilatesstudio.hu\/#\/schema\/person\/3cb19d5e0b75b0515cbf0d6b87272d9a","name":"Veronika Jancs\u00f3","image":{"@type":"ImageObject","inLanguage":"en-GB","@id":"https:\/\/secure.gravatar.com\/avatar\/52bfa78053ab0455ebaa94c3d7897febe5091a08c01cc5b279b60d266640d0ae?s=96&d=mm&r=g","url":"https:\/\/secure.gravatar.com\/avatar\/52bfa78053ab0455ebaa94c3d7897febe5091a08c01cc5b279b60d266640d0ae?s=96&d=mm&r=g","contentUrl":"https:\/\/secure.gravatar.com\/avatar\/52bfa78053ab0455ebaa94c3d7897febe5091a08c01cc5b279b60d266640d0ae?s=96&d=mm&r=g","caption":"Jancs\u00f3 Veronika"},"url":"https:\/\/uppilatesstudio.hu\/en\/author\/admin\/"}]}},"_links":{"self":[{"href":"https:\/\/uppilatesstudio.hu\/en\/wp-json\/wp\/v2\/posts\/661","targetHints":{"allow":["GET"]}}],"collection":[{"href":"https:\/\/uppilatesstudio.hu\/en\/wp-json\/wp\/v2\/posts"}],"about":[{"href":"https:\/\/uppilatesstudio.hu\/en\/wp-json\/wp\/v2\/types\/post"}],"author":[{"embeddable":true,"href":"https:\/\/uppilatesstudio.hu\/en\/wp-json\/wp\/v2\/users\/1"}],"replies":[{"embeddable":true,"href":"https:\/\/uppilatesstudio.hu\/en\/wp-json\/wp\/v2\/comments?post=661"}],"version-history":[{"count":2,"href":"https:\/\/uppilatesstudio.hu\/en\/wp-json\/wp\/v2\/posts\/661\/revisions"}],"predecessor-version":[{"id":665,"href":"https:\/\/uppilatesstudio.hu\/en\/wp-json\/wp\/v2\/posts\/661\/revisions\/665"}],"wp:featuredmedia":[{"embeddable":true,"href":"https:\/\/uppilatesstudio.hu\/en\/wp-json\/wp\/v2\/media\/664"}],"wp:attachment":[{"href":"https:\/\/uppilatesstudio.hu\/en\/wp-json\/wp\/v2\/media?parent=661"}],"wp:term":[{"taxonomy":"category","embeddable":true,"href":"https:\/\/uppilatesstudio.hu\/en\/wp-json\/wp\/v2\/categories?post=661"},{"taxonomy":"post_tag","embeddable":true,"href":"https:\/\/uppilatesstudio.hu\/en\/wp-json\/wp\/v2\/tags?post=661"}],"curies":[{"name":"wp","href":"https:\/\/api.w.org\/{rel}","templated":true}]}}