{"id":501,"date":"2018-06-02T18:24:35","date_gmt":"2018-06-02T16:24:35","guid":{"rendered":"http:\/\/pilates.sport.hu\/?p=501"},"modified":"2018-06-02T18:24:35","modified_gmt":"2018-06-02T16:24:35","slug":"te-tudod-miert-jo-ha-stretching-orara-is-eljossz","status":"publish","type":"post","link":"https:\/\/uppilatesstudio.hu\/en\/te-tudod-miert-jo-ha-stretching-orara-is-eljossz\/","title":{"rendered":"Do you know why it's good to come to a stretching class?"},"content":{"rendered":"<p>Developing flexibility is a cure for many musculoskeletal problems (back, lower back, knee pain, etc.). Stretching the muscles is as important as strengthening them, and practising both together can lead to a harmonious physical and mental state in the long term. Stretching training aims to maintain and increase the mobility of muscles and joints. Regular exercise makes muscles more flexible, improves their performance, reduces the risk of injury, prevents osteoarthritis, arthritis, etc., and allows faster recovery. It improves body awareness, contributes to aesthetic appearance (shapely, beautiful, not shortened, cramped muscles and incorrect posture) and last but not least, gives mental recharging.<\/p>\n<p>An effective stretching class can include more active exercises (i.e. when you have to use other muscles to stretch a muscle) as well as more passive, relaxation-type exercises, when you can relax a muscle or muscle statically, even for minutes, while observing what is happening in your body, and achieving the relaxation or stretching of the muscle or muscle. The class is accompanied by pleasant, relaxing music to help you relax completely.<\/p>\n<p>You are very welcome to my classes at Up Pilates Studio!<\/p>\n<p>T\u00edmea Simitska<\/p>","protected":false},"excerpt":{"rendered":"<p>Developing flexibility is a cure for many musculoskeletal problems (back, lower back, knee pain, etc.). Stretching the muscles is as important as strengthening them, and practising both together can lead to a harmonious physical and mental state in the long term. Stretching training aims to maintain and increase the mobility of muscles and joints. By regularly attending classes, the muscles become more flexible, their performance increases, [...]<\/p>","protected":false},"author":1,"featured_media":303,"comment_status":"closed","ping_status":"closed","sticky":false,"template":"","format":"standard","meta":{"footnotes":""},"categories":[26],"tags":[24],"class_list":["post-501","post","type-post","status-publish","format-standard","has-post-thumbnail","hentry","category-stretching","tag-stretching"],"yoast_head":"<!-- This site is optimized with the Yoast SEO plugin v27.3 - https:\/\/yoast.com\/product\/yoast-seo-wordpress\/ -->\n<title>Te tudod, mi\u00e9rt j\u00f3, ha stretching \u00f3r\u00e1ra is elj\u00f6ssz? - Up Pilates Studiio<\/title>\n<meta name=\"robots\" content=\"index, follow, max-snippet:-1, max-image-preview:large, max-video-preview:-1\" \/>\n<link rel=\"canonical\" href=\"https:\/\/uppilatesstudio.hu\/en\/te-tudod-miert-jo-ha-stretching-orara-is-eljossz\/\" \/>\n<meta property=\"og:locale\" content=\"en_GB\" \/>\n<meta property=\"og:type\" content=\"article\" \/>\n<meta property=\"og:title\" content=\"Te tudod, mi\u00e9rt j\u00f3, ha stretching \u00f3r\u00e1ra is elj\u00f6ssz? - Up Pilates Studiio\" \/>\n<meta property=\"og:description\" content=\"A hajl\u00e9konys\u00e1g fejleszt\u00e9se sok mozg\u00e1sszervi probl\u00e9m\u00e1ra (h\u00e1t-, der\u00e9k-, t\u00e9rdf\u00e1j\u00e1s stb.) gy\u00f3gy\u00edrk\u00e9nt szolg\u00e1l. Az izmok ny\u00fajt\u00e1sa ugyanolyan fontos, mint az er\u0151s\u00edt\u00e9se, s e kett\u0151 egy\u00fcttes gyakorl\u00e1sa tud hossz\u00fat\u00e1von harmonikus fizikai \u00e9s szellemi \u00e1llapotot eredm\u00e9nyezni. A stretching edz\u00e9s az izmok, \u00edz\u00fcletek mozg\u00e9konys\u00e1g\u00e1nak megtart\u00e1s\u00e1t, annak n\u00f6vel\u00e9s\u00e9t c\u00e9lozza meg. Rendszeres \u00f3ral\u00e1togat\u00e1ssal az izmok rugalmasabbakk\u00e1 v\u00e1lnak, nagyobb lesz azok teljes\u00edt\u0151k\u00e9pess\u00e9ge, [&hellip;]\" \/>\n<meta property=\"og:url\" content=\"https:\/\/uppilatesstudio.hu\/en\/te-tudod-miert-jo-ha-stretching-orara-is-eljossz\/\" \/>\n<meta property=\"og:site_name\" content=\"Up Pilates Studiio\" \/>\n<meta property=\"article:published_time\" content=\"2018-06-02T16:24:35+00:00\" \/>\n<meta property=\"og:image\" content=\"https:\/\/uppilatesstudio.hu\/wp-content\/uploads\/2017\/09\/PIL_8064-e1506372010740.jpg\" \/>\n\t<meta property=\"og:image:width\" content=\"983\" \/>\n\t<meta property=\"og:image:height\" content=\"800\" \/>\n\t<meta property=\"og:image:type\" content=\"image\/jpeg\" \/>\n<meta name=\"author\" content=\"Jancs\u00f3 Veronika\" \/>\n<meta name=\"twitter:card\" content=\"summary_large_image\" \/>\n<meta name=\"twitter:label1\" content=\"Written by\" \/>\n\t<meta name=\"twitter:data1\" content=\"Jancs\u00f3 Veronika\" \/>\n\t<meta name=\"twitter:label2\" content=\"Estimated reading time\" \/>\n\t<meta name=\"twitter:data2\" content=\"1 minute\" \/>\n<script type=\"application\/ld+json\" class=\"yoast-schema-graph\">{\"@context\":\"https:\\\/\\\/schema.org\",\"@graph\":[{\"@type\":\"Article\",\"@id\":\"https:\\\/\\\/uppilatesstudio.hu\\\/te-tudod-miert-jo-ha-stretching-orara-is-eljossz\\\/#article\",\"isPartOf\":{\"@id\":\"https:\\\/\\\/uppilatesstudio.hu\\\/te-tudod-miert-jo-ha-stretching-orara-is-eljossz\\\/\"},\"author\":{\"name\":\"Jancs\u00f3 Veronika\",\"@id\":\"https:\\\/\\\/uppilatesstudio.hu\\\/#\\\/schema\\\/person\\\/3cb19d5e0b75b0515cbf0d6b87272d9a\"},\"headline\":\"Te tudod, mi\u00e9rt j\u00f3, ha stretching \u00f3r\u00e1ra is elj\u00f6ssz?\",\"datePublished\":\"2018-06-02T16:24:35+00:00\",\"mainEntityOfPage\":{\"@id\":\"https:\\\/\\\/uppilatesstudio.hu\\\/te-tudod-miert-jo-ha-stretching-orara-is-eljossz\\\/\"},\"wordCount\":283,\"publisher\":{\"@id\":\"https:\\\/\\\/uppilatesstudio.hu\\\/#organization\"},\"image\":{\"@id\":\"https:\\\/\\\/uppilatesstudio.hu\\\/te-tudod-miert-jo-ha-stretching-orara-is-eljossz\\\/#primaryimage\"},\"thumbnailUrl\":\"https:\\\/\\\/uppilatesstudio.hu\\\/wp-content\\\/uploads\\\/2017\\\/09\\\/PIL_8064-e1506372010740.jpg\",\"keywords\":[\"stretching\"],\"articleSection\":[\"stretching\"],\"inLanguage\":\"en-GB\"},{\"@type\":\"WebPage\",\"@id\":\"https:\\\/\\\/uppilatesstudio.hu\\\/te-tudod-miert-jo-ha-stretching-orara-is-eljossz\\\/\",\"url\":\"https:\\\/\\\/uppilatesstudio.hu\\\/te-tudod-miert-jo-ha-stretching-orara-is-eljossz\\\/\",\"name\":\"Te tudod, mi\u00e9rt j\u00f3, ha stretching \u00f3r\u00e1ra is elj\u00f6ssz? - Up Pilates Studiio\",\"isPartOf\":{\"@id\":\"https:\\\/\\\/uppilatesstudio.hu\\\/#website\"},\"primaryImageOfPage\":{\"@id\":\"https:\\\/\\\/uppilatesstudio.hu\\\/te-tudod-miert-jo-ha-stretching-orara-is-eljossz\\\/#primaryimage\"},\"image\":{\"@id\":\"https:\\\/\\\/uppilatesstudio.hu\\\/te-tudod-miert-jo-ha-stretching-orara-is-eljossz\\\/#primaryimage\"},\"thumbnailUrl\":\"https:\\\/\\\/uppilatesstudio.hu\\\/wp-content\\\/uploads\\\/2017\\\/09\\\/PIL_8064-e1506372010740.jpg\",\"datePublished\":\"2018-06-02T16:24:35+00:00\",\"breadcrumb\":{\"@id\":\"https:\\\/\\\/uppilatesstudio.hu\\\/te-tudod-miert-jo-ha-stretching-orara-is-eljossz\\\/#breadcrumb\"},\"inLanguage\":\"en-GB\",\"potentialAction\":[{\"@type\":\"ReadAction\",\"target\":[\"https:\\\/\\\/uppilatesstudio.hu\\\/te-tudod-miert-jo-ha-stretching-orara-is-eljossz\\\/\"]}]},{\"@type\":\"ImageObject\",\"inLanguage\":\"en-GB\",\"@id\":\"https:\\\/\\\/uppilatesstudio.hu\\\/te-tudod-miert-jo-ha-stretching-orara-is-eljossz\\\/#primaryimage\",\"url\":\"https:\\\/\\\/uppilatesstudio.hu\\\/wp-content\\\/uploads\\\/2017\\\/09\\\/PIL_8064-e1506372010740.jpg\",\"contentUrl\":\"https:\\\/\\\/uppilatesstudio.hu\\\/wp-content\\\/uploads\\\/2017\\\/09\\\/PIL_8064-e1506372010740.jpg\",\"width\":983,\"height\":800},{\"@type\":\"BreadcrumbList\",\"@id\":\"https:\\\/\\\/uppilatesstudio.hu\\\/te-tudod-miert-jo-ha-stretching-orara-is-eljossz\\\/#breadcrumb\",\"itemListElement\":[{\"@type\":\"ListItem\",\"position\":1,\"name\":\"Home\",\"item\":\"https:\\\/\\\/uppilatesstudio.hu\\\/\"},{\"@type\":\"ListItem\",\"position\":2,\"name\":\"Te tudod, mi\u00e9rt j\u00f3, ha stretching \u00f3r\u00e1ra is elj\u00f6ssz?\"}]},{\"@type\":\"WebSite\",\"@id\":\"https:\\\/\\\/uppilatesstudio.hu\\\/#website\",\"url\":\"https:\\\/\\\/uppilatesstudio.hu\\\/\",\"name\":\"Up Pilates Studiio\",\"description\":\"A karcs\u00fa, form\u00e1s test\u00e9rt \u00e9s er\u0151s izomzat\u00e9rt!\",\"publisher\":{\"@id\":\"https:\\\/\\\/uppilatesstudio.hu\\\/#organization\"},\"potentialAction\":[{\"@type\":\"SearchAction\",\"target\":{\"@type\":\"EntryPoint\",\"urlTemplate\":\"https:\\\/\\\/uppilatesstudio.hu\\\/?s={search_term_string}\"},\"query-input\":{\"@type\":\"PropertyValueSpecification\",\"valueRequired\":true,\"valueName\":\"search_term_string\"}}],\"inLanguage\":\"en-GB\"},{\"@type\":\"Organization\",\"@id\":\"https:\\\/\\\/uppilatesstudio.hu\\\/#organization\",\"name\":\"Up Pilates Studiio\",\"url\":\"https:\\\/\\\/uppilatesstudio.hu\\\/\",\"logo\":{\"@type\":\"ImageObject\",\"inLanguage\":\"en-GB\",\"@id\":\"https:\\\/\\\/uppilatesstudio.hu\\\/#\\\/schema\\\/logo\\\/image\\\/\",\"url\":\"https:\\\/\\\/uppilatesstudio.hu\\\/wp-content\\\/uploads\\\/2017\\\/04\\\/logo.jpg\",\"contentUrl\":\"https:\\\/\\\/uppilatesstudio.hu\\\/wp-content\\\/uploads\\\/2017\\\/04\\\/logo.jpg\",\"width\":749,\"height\":987,\"caption\":\"Up Pilates Studiio\"},\"image\":{\"@id\":\"https:\\\/\\\/uppilatesstudio.hu\\\/#\\\/schema\\\/logo\\\/image\\\/\"}},{\"@type\":\"Person\",\"@id\":\"https:\\\/\\\/uppilatesstudio.hu\\\/#\\\/schema\\\/person\\\/3cb19d5e0b75b0515cbf0d6b87272d9a\",\"name\":\"Jancs\u00f3 Veronika\",\"image\":{\"@type\":\"ImageObject\",\"inLanguage\":\"en-GB\",\"@id\":\"https:\\\/\\\/secure.gravatar.com\\\/avatar\\\/52bfa78053ab0455ebaa94c3d7897febe5091a08c01cc5b279b60d266640d0ae?s=96&d=mm&r=g\",\"url\":\"https:\\\/\\\/secure.gravatar.com\\\/avatar\\\/52bfa78053ab0455ebaa94c3d7897febe5091a08c01cc5b279b60d266640d0ae?s=96&d=mm&r=g\",\"contentUrl\":\"https:\\\/\\\/secure.gravatar.com\\\/avatar\\\/52bfa78053ab0455ebaa94c3d7897febe5091a08c01cc5b279b60d266640d0ae?s=96&d=mm&r=g\",\"caption\":\"Jancs\u00f3 Veronika\"},\"url\":\"https:\\\/\\\/uppilatesstudio.hu\\\/en\\\/author\\\/admin\\\/\"}]}<\/script>\n<!-- \/ Yoast SEO plugin. -->","yoast_head_json":{"title":"Te tudod, mi\u00e9rt j\u00f3, ha stretching \u00f3r\u00e1ra is elj\u00f6ssz? - Up Pilates Studiio","robots":{"index":"index","follow":"follow","max-snippet":"max-snippet:-1","max-image-preview":"max-image-preview:large","max-video-preview":"max-video-preview:-1"},"canonical":"https:\/\/uppilatesstudio.hu\/en\/te-tudod-miert-jo-ha-stretching-orara-is-eljossz\/","og_locale":"en_GB","og_type":"article","og_title":"Te tudod, mi\u00e9rt j\u00f3, ha stretching \u00f3r\u00e1ra is elj\u00f6ssz? - Up Pilates Studiio","og_description":"A hajl\u00e9konys\u00e1g fejleszt\u00e9se sok mozg\u00e1sszervi probl\u00e9m\u00e1ra (h\u00e1t-, der\u00e9k-, t\u00e9rdf\u00e1j\u00e1s stb.) gy\u00f3gy\u00edrk\u00e9nt szolg\u00e1l. Az izmok ny\u00fajt\u00e1sa ugyanolyan fontos, mint az er\u0151s\u00edt\u00e9se, s e kett\u0151 egy\u00fcttes gyakorl\u00e1sa tud hossz\u00fat\u00e1von harmonikus fizikai \u00e9s szellemi \u00e1llapotot eredm\u00e9nyezni. A stretching edz\u00e9s az izmok, \u00edz\u00fcletek mozg\u00e9konys\u00e1g\u00e1nak megtart\u00e1s\u00e1t, annak n\u00f6vel\u00e9s\u00e9t c\u00e9lozza meg. Rendszeres \u00f3ral\u00e1togat\u00e1ssal az izmok rugalmasabbakk\u00e1 v\u00e1lnak, nagyobb lesz azok teljes\u00edt\u0151k\u00e9pess\u00e9ge, [&hellip;]","og_url":"https:\/\/uppilatesstudio.hu\/en\/te-tudod-miert-jo-ha-stretching-orara-is-eljossz\/","og_site_name":"Up Pilates Studiio","article_published_time":"2018-06-02T16:24:35+00:00","og_image":[{"width":983,"height":800,"url":"https:\/\/uppilatesstudio.hu\/wp-content\/uploads\/2017\/09\/PIL_8064-e1506372010740.jpg","type":"image\/jpeg"}],"author":"Jancs\u00f3 Veronika","twitter_card":"summary_large_image","twitter_misc":{"Written by":"Jancs\u00f3 Veronika","Estimated reading time":"1 minute"},"schema":{"@context":"https:\/\/schema.org","@graph":[{"@type":"Article","@id":"https:\/\/uppilatesstudio.hu\/te-tudod-miert-jo-ha-stretching-orara-is-eljossz\/#article","isPartOf":{"@id":"https:\/\/uppilatesstudio.hu\/te-tudod-miert-jo-ha-stretching-orara-is-eljossz\/"},"author":{"name":"Jancs\u00f3 Veronika","@id":"https:\/\/uppilatesstudio.hu\/#\/schema\/person\/3cb19d5e0b75b0515cbf0d6b87272d9a"},"headline":"Te tudod, mi\u00e9rt j\u00f3, ha stretching \u00f3r\u00e1ra is elj\u00f6ssz?","datePublished":"2018-06-02T16:24:35+00:00","mainEntityOfPage":{"@id":"https:\/\/uppilatesstudio.hu\/te-tudod-miert-jo-ha-stretching-orara-is-eljossz\/"},"wordCount":283,"publisher":{"@id":"https:\/\/uppilatesstudio.hu\/#organization"},"image":{"@id":"https:\/\/uppilatesstudio.hu\/te-tudod-miert-jo-ha-stretching-orara-is-eljossz\/#primaryimage"},"thumbnailUrl":"https:\/\/uppilatesstudio.hu\/wp-content\/uploads\/2017\/09\/PIL_8064-e1506372010740.jpg","keywords":["stretching"],"articleSection":["stretching"],"inLanguage":"en-GB"},{"@type":"WebPage","@id":"https:\/\/uppilatesstudio.hu\/te-tudod-miert-jo-ha-stretching-orara-is-eljossz\/","url":"https:\/\/uppilatesstudio.hu\/te-tudod-miert-jo-ha-stretching-orara-is-eljossz\/","name":"Te tudod, mi\u00e9rt j\u00f3, ha stretching \u00f3r\u00e1ra is elj\u00f6ssz? - Up Pilates Studiio","isPartOf":{"@id":"https:\/\/uppilatesstudio.hu\/#website"},"primaryImageOfPage":{"@id":"https:\/\/uppilatesstudio.hu\/te-tudod-miert-jo-ha-stretching-orara-is-eljossz\/#primaryimage"},"image":{"@id":"https:\/\/uppilatesstudio.hu\/te-tudod-miert-jo-ha-stretching-orara-is-eljossz\/#primaryimage"},"thumbnailUrl":"https:\/\/uppilatesstudio.hu\/wp-content\/uploads\/2017\/09\/PIL_8064-e1506372010740.jpg","datePublished":"2018-06-02T16:24:35+00:00","breadcrumb":{"@id":"https:\/\/uppilatesstudio.hu\/te-tudod-miert-jo-ha-stretching-orara-is-eljossz\/#breadcrumb"},"inLanguage":"en-GB","potentialAction":[{"@type":"ReadAction","target":["https:\/\/uppilatesstudio.hu\/te-tudod-miert-jo-ha-stretching-orara-is-eljossz\/"]}]},{"@type":"ImageObject","inLanguage":"en-GB","@id":"https:\/\/uppilatesstudio.hu\/te-tudod-miert-jo-ha-stretching-orara-is-eljossz\/#primaryimage","url":"https:\/\/uppilatesstudio.hu\/wp-content\/uploads\/2017\/09\/PIL_8064-e1506372010740.jpg","contentUrl":"https:\/\/uppilatesstudio.hu\/wp-content\/uploads\/2017\/09\/PIL_8064-e1506372010740.jpg","width":983,"height":800},{"@type":"BreadcrumbList","@id":"https:\/\/uppilatesstudio.hu\/te-tudod-miert-jo-ha-stretching-orara-is-eljossz\/#breadcrumb","itemListElement":[{"@type":"ListItem","position":1,"name":"Home","item":"https:\/\/uppilatesstudio.hu\/"},{"@type":"ListItem","position":2,"name":"Te tudod, mi\u00e9rt j\u00f3, ha stretching \u00f3r\u00e1ra is elj\u00f6ssz?"}]},{"@type":"WebSite","@id":"https:\/\/uppilatesstudio.hu\/#website","url":"https:\/\/uppilatesstudio.hu\/","name":"Up Pilates Studio","description":"For a slim, shapely body and strong muscles!","publisher":{"@id":"https:\/\/uppilatesstudio.hu\/#organization"},"potentialAction":[{"@type":"SearchAction","target":{"@type":"EntryPoint","urlTemplate":"https:\/\/uppilatesstudio.hu\/?s={search_term_string}"},"query-input":{"@type":"PropertyValueSpecification","valueRequired":true,"valueName":"search_term_string"}}],"inLanguage":"en-GB"},{"@type":"Organization","@id":"https:\/\/uppilatesstudio.hu\/#organization","name":"Up Pilates Studio","url":"https:\/\/uppilatesstudio.hu\/","logo":{"@type":"ImageObject","inLanguage":"en-GB","@id":"https:\/\/uppilatesstudio.hu\/#\/schema\/logo\/image\/","url":"https:\/\/uppilatesstudio.hu\/wp-content\/uploads\/2017\/04\/logo.jpg","contentUrl":"https:\/\/uppilatesstudio.hu\/wp-content\/uploads\/2017\/04\/logo.jpg","width":749,"height":987,"caption":"Up Pilates Studiio"},"image":{"@id":"https:\/\/uppilatesstudio.hu\/#\/schema\/logo\/image\/"}},{"@type":"Person","@id":"https:\/\/uppilatesstudio.hu\/#\/schema\/person\/3cb19d5e0b75b0515cbf0d6b87272d9a","name":"Veronika Jancs\u00f3","image":{"@type":"ImageObject","inLanguage":"en-GB","@id":"https:\/\/secure.gravatar.com\/avatar\/52bfa78053ab0455ebaa94c3d7897febe5091a08c01cc5b279b60d266640d0ae?s=96&d=mm&r=g","url":"https:\/\/secure.gravatar.com\/avatar\/52bfa78053ab0455ebaa94c3d7897febe5091a08c01cc5b279b60d266640d0ae?s=96&d=mm&r=g","contentUrl":"https:\/\/secure.gravatar.com\/avatar\/52bfa78053ab0455ebaa94c3d7897febe5091a08c01cc5b279b60d266640d0ae?s=96&d=mm&r=g","caption":"Jancs\u00f3 Veronika"},"url":"https:\/\/uppilatesstudio.hu\/en\/author\/admin\/"}]}},"_links":{"self":[{"href":"https:\/\/uppilatesstudio.hu\/en\/wp-json\/wp\/v2\/posts\/501","targetHints":{"allow":["GET"]}}],"collection":[{"href":"https:\/\/uppilatesstudio.hu\/en\/wp-json\/wp\/v2\/posts"}],"about":[{"href":"https:\/\/uppilatesstudio.hu\/en\/wp-json\/wp\/v2\/types\/post"}],"author":[{"embeddable":true,"href":"https:\/\/uppilatesstudio.hu\/en\/wp-json\/wp\/v2\/users\/1"}],"replies":[{"embeddable":true,"href":"https:\/\/uppilatesstudio.hu\/en\/wp-json\/wp\/v2\/comments?post=501"}],"version-history":[{"count":1,"href":"https:\/\/uppilatesstudio.hu\/en\/wp-json\/wp\/v2\/posts\/501\/revisions"}],"predecessor-version":[{"id":502,"href":"https:\/\/uppilatesstudio.hu\/en\/wp-json\/wp\/v2\/posts\/501\/revisions\/502"}],"wp:featuredmedia":[{"embeddable":true,"href":"https:\/\/uppilatesstudio.hu\/en\/wp-json\/wp\/v2\/media\/303"}],"wp:attachment":[{"href":"https:\/\/uppilatesstudio.hu\/en\/wp-json\/wp\/v2\/media?parent=501"}],"wp:term":[{"taxonomy":"category","embeddable":true,"href":"https:\/\/uppilatesstudio.hu\/en\/wp-json\/wp\/v2\/categories?post=501"},{"taxonomy":"post_tag","embeddable":true,"href":"https:\/\/uppilatesstudio.hu\/en\/wp-json\/wp\/v2\/tags?post=501"}],"curies":[{"name":"wp","href":"https:\/\/api.w.org\/{rel}","templated":true}]}}