{"id":2977,"date":"2026-02-21T15:24:33","date_gmt":"2026-02-21T13:24:33","guid":{"rendered":"https:\/\/uppilatesstudio.hu\/?p=2977"},"modified":"2026-02-21T16:11:04","modified_gmt":"2026-02-21T14:11:04","slug":"miert-ad-energiat-a-mozgas-amikor-faradt-vagy-a-pilates-es-a-valodi-feltoltodes-titka","status":"publish","type":"post","link":"https:\/\/uppilatesstudio.hu\/en\/miert-ad-energiat-a-mozgas-amikor-faradt-vagy-a-pilates-es-a-valodi-feltoltodes-titka\/","title":{"rendered":"Why does exercise give you energy when you're tired?                - The secret of Pilates and real recharge"},"content":{"rendered":"<figure class=\"wp-block-image size-full\"><img fetchpriority=\"high\" decoding=\"async\" width=\"640\" height=\"640\" src=\"https:\/\/uppilatesstudio.hu\/wp-content\/uploads\/2026\/02\/1771680010058-yvq6k.webp\" alt=\"\" class=\"wp-image-2978\" srcset=\"https:\/\/uppilatesstudio.hu\/wp-content\/uploads\/2026\/02\/1771680010058-yvq6k.webp 640w, https:\/\/uppilatesstudio.hu\/wp-content\/uploads\/2026\/02\/1771680010058-yvq6k-300x300.webp 300w, https:\/\/uppilatesstudio.hu\/wp-content\/uploads\/2026\/02\/1771680010058-yvq6k-150x150.webp 150w, https:\/\/uppilatesstudio.hu\/wp-content\/uploads\/2026\/02\/1771680010058-yvq6k-12x12.webp 12w\" sizes=\"(max-width: 640px) 100vw, 640px\" \/><\/figure>\n\n\n\n<p>\"I'll skip it today... I'm too tired.\"<\/p>\n\n\n\n<p>Almost everyone has said it - quite understandably. After a long day of work, meetings, decisions, deadlines and mental stress, exercise often seems like the last thing we have energy for.<\/p>\n\n\n\n<p>And yet, an interesting thing happens to those who&nbsp;<em>yet they come<\/em>&nbsp;for the hour.<\/p>\n\n\n\n<p>At the end of the lesson, it is rarely said:<br>\"Now I'm even more tired.\"<\/p>\n\n\n\n<p>More like this:<br><strong>\"I don't understand... I have more energy.\"<\/strong><\/p>\n\n\n\n<hr class=\"wp-block-separator has-alpha-channel-opacity\"\/>\n\n\n\n<h2 class=\"wp-block-heading\">Not all fatigue is the same<\/h2>\n\n\n\n<p>One of the biggest misconceptions of modern life is that we think of all fatigue as physical tiredness.<\/p>\n\n\n\n<p>But most of the time it's not our bodies that are tired - it's our nervous system.<\/p>\n\n\n\n<p>All day:<\/p>\n\n\n\n<ul class=\"wp-block-list\">\n<li>we sit,<\/li>\n\n\n\n<li>we focus on,<\/li>\n\n\n\n<li>we are looking at a screen,<\/li>\n\n\n\n<li>we make decisions,<\/li>\n\n\n\n<li>we are in a constant state of readiness.<\/li>\n<\/ul>\n\n\n\n<p>The body hardly moves, yet it remains tense. The muscles work in a slightly contracted state, breathing becomes shallow and circulation slows.<\/p>\n\n\n\n<p>This is the state when, paradoxically.&nbsp;<strong>rest alone does not restore<\/strong>.<\/p>\n\n\n\n<hr class=\"wp-block-separator has-alpha-channel-opacity\"\/>\n\n\n\n<h2 class=\"wp-block-heading\">A short story from the studio<\/h2>\n\n\n\n<p>A guest of mine once arrived like this:<\/p>\n\n\n\n<p>\"Honestly? I only came because it was too late to resign.\"<\/p>\n\n\n\n<p>In the first few minutes, the weight of the day was on him. Stiff shoulders, rapid breathing, tired movements.<\/p>\n\n\n\n<p>But in the middle of the hour, something changed. The rhythm of movement slowed, breathing deepened, the body began to work together.<\/p>\n\n\n\n<p>At the end of the class he said with a smile:<br>\"For the first time today, I feel like I'm not all over the place.\"<\/p>\n\n\n\n<p>No more energy came from outside.<br>The body simply&nbsp;<strong>freed what had been blocked until then<\/strong>.<\/p>\n\n\n\n<hr class=\"wp-block-separator has-alpha-channel-opacity\"\/>\n\n\n\n<h2 class=\"wp-block-heading\">What happens in the body?<\/h2>\n\n\n\n<p>The special thing about Pilates is that it not only works the muscles, but also rewires the nervous system.<\/p>\n\n\n\n<h3 class=\"wp-block-heading\">\u2714 Deeper breathing<\/h3>\n\n\n\n<p>Conscious breathing activates the parasympathetic nervous system - the body's regenerative mode.<\/p>\n\n\n\n<h3 class=\"wp-block-heading\">\u2714 Improved circulation<\/h3>\n\n\n\n<p>Controlled movement increases blood and oxygen supply, which results in a real energy boost.<\/p>\n\n\n\n<h3 class=\"wp-block-heading\">\u2714 Restoring muscle balance<\/h3>\n\n\n\n<p>When the deep stabilising muscles work, overworked areas (neck, shoulders, waist) can finally relax.<\/p>\n\n\n\n<p>A thought by Joseph Pilates sums it up beautifully:<\/p>\n\n\n\n<blockquote class=\"wp-block-quote is-layout-flow wp-block-quote-is-layout-flow\">\n<p>\"Physical fitness is the first requisite of happiness.\"<br><em>(Physical well-being is the first condition for happiness.)<\/em><\/p>\n<\/blockquote>\n\n\n\n<p>Not because of fatigue - but because a well-functioning body gives energy back.<\/p>\n\n\n\n<hr class=\"wp-block-separator has-alpha-channel-opacity\"\/>\n\n\n\n<h2 class=\"wp-block-heading\">Pilates doesn't take - it settles<\/h2>\n\n\n\n<p>An important difference: you also get tired in Pilates class. We work, we concentrate, we often push our limits.<\/p>\n\n\n\n<p>But the quality of fatigue is different.<\/p>\n\n\n\n<p>We don't feel disjointed, we feel:<\/p>\n\n\n\n<ul class=\"wp-block-list\">\n<li>easier,<\/li>\n\n\n\n<li>more orderly,<\/li>\n\n\n\n<li>mentally clearer.<\/li>\n<\/ul>\n\n\n\n<p>It's as if the body and the head are once again in rhythm.<\/p>\n\n\n\n<hr class=\"wp-block-separator has-alpha-channel-opacity\"\/>\n\n\n\n<h2 class=\"wp-block-heading\">When you don't feel most like it...<\/h2>\n\n\n\n<p>Interestingly, it is often the lessons that are the hardest to get started that give the most.<\/p>\n\n\n\n<p>Maybe we don't always need a rest.<br>But a movement that&nbsp;<strong>gives us our energy back<\/strong>.<\/p>\n\n\n\n<hr class=\"wp-block-separator has-alpha-channel-opacity\"\/>\n\n\n\n<p>\u2728&nbsp;<strong>If you often feel exhausted at the end of a long day, your body may be asking for conscious movement, not less activity.<\/strong><\/p>\n\n\n\n<p>Pilates helps you recharge - not by pushing, but by supporting your body.<\/p>\n\n\n\n<p><\/p>","protected":false},"excerpt":{"rendered":"<p>\u201eI'll skip it today... I'm too tired.\u201d Almost everyone has said it - quite understandably. After a long day of work, meetings, decisions, deadlines and mental stress, exercise often seems like the last thing we have energy left for. And yet an interesting thing happens to those who do turn up to class. At the end of the class, it is rare to hear: \u201eNow I'm even more tired [...]<\/p>","protected":false},"author":1,"featured_media":0,"comment_status":"open","ping_status":"open","sticky":false,"template":"","format":"standard","meta":{"footnotes":""},"categories":[1],"tags":[],"class_list":["post-2977","post","type-post","status-publish","format-standard","hentry","category-egyeb"],"yoast_head":"<!-- This site is optimized with the Yoast SEO plugin v27.3 - https:\/\/yoast.com\/product\/yoast-seo-wordpress\/ -->\n<title>Mi\u00e9rt ad energi\u00e1t a mozg\u00e1s, amikor f\u00e1radt vagy?        \u2013 A Pilates \u00e9s a val\u00f3di felt\u00f6lt\u0151d\u00e9s titka - Up Pilates Studiio<\/title>\n<meta name=\"description\" content=\"F\u00e1radt vagy, m\u00e9gis a mozg\u00e1s seg\u00edthet? Megmutatjuk, mi\u00e9rt ad energi\u00e1t a Pilates akkor is, amikor legsz\u00edvesebben csak pihenn\u00e9l.\" \/>\n<meta name=\"robots\" content=\"index, follow, max-snippet:-1, max-image-preview:large, max-video-preview:-1\" \/>\n<link rel=\"canonical\" href=\"https:\/\/uppilatesstudio.hu\/en\/miert-ad-energiat-a-mozgas-amikor-faradt-vagy-a-pilates-es-a-valodi-feltoltodes-titka\/\" \/>\n<meta property=\"og:locale\" content=\"en_GB\" \/>\n<meta property=\"og:type\" content=\"article\" \/>\n<meta property=\"og:title\" content=\"Mi\u00e9rt ad energi\u00e1t a mozg\u00e1s, amikor f\u00e1radt vagy?        \u2013 A Pilates \u00e9s a val\u00f3di felt\u00f6lt\u0151d\u00e9s titka - Up Pilates Studiio\" \/>\n<meta property=\"og:description\" content=\"F\u00e1radt vagy, m\u00e9gis a mozg\u00e1s seg\u00edthet? Megmutatjuk, mi\u00e9rt ad energi\u00e1t a Pilates akkor is, amikor legsz\u00edvesebben csak pihenn\u00e9l.\" \/>\n<meta property=\"og:url\" content=\"https:\/\/uppilatesstudio.hu\/en\/miert-ad-energiat-a-mozgas-amikor-faradt-vagy-a-pilates-es-a-valodi-feltoltodes-titka\/\" \/>\n<meta property=\"og:site_name\" content=\"Up Pilates Studiio\" \/>\n<meta property=\"article:published_time\" content=\"2026-02-21T13:24:33+00:00\" \/>\n<meta property=\"article:modified_time\" content=\"2026-02-21T14:11:04+00:00\" \/>\n<meta property=\"og:image\" content=\"https:\/\/uppilatesstudio.hu\/wp-content\/uploads\/2026\/02\/1771680010058-yvq6k.webp\" \/>\n\t<meta property=\"og:image:width\" content=\"640\" \/>\n\t<meta property=\"og:image:height\" content=\"640\" \/>\n\t<meta property=\"og:image:type\" content=\"image\/webp\" \/>\n<meta name=\"author\" content=\"Jancs\u00f3 Veronika\" \/>\n<meta name=\"twitter:card\" content=\"summary_large_image\" \/>\n<meta name=\"twitter:label1\" content=\"Written by\" \/>\n\t<meta name=\"twitter:data1\" content=\"Jancs\u00f3 Veronika\" \/>\n\t<meta name=\"twitter:label2\" content=\"Estimated reading time\" \/>\n\t<meta name=\"twitter:data2\" content=\"3 minutes\" \/>\n<script type=\"application\/ld+json\" class=\"yoast-schema-graph\">{\"@context\":\"https:\\\/\\\/schema.org\",\"@graph\":[{\"@type\":\"Article\",\"@id\":\"https:\\\/\\\/uppilatesstudio.hu\\\/miert-ad-energiat-a-mozgas-amikor-faradt-vagy-a-pilates-es-a-valodi-feltoltodes-titka\\\/#article\",\"isPartOf\":{\"@id\":\"https:\\\/\\\/uppilatesstudio.hu\\\/miert-ad-energiat-a-mozgas-amikor-faradt-vagy-a-pilates-es-a-valodi-feltoltodes-titka\\\/\"},\"author\":{\"name\":\"Jancs\u00f3 Veronika\",\"@id\":\"https:\\\/\\\/uppilatesstudio.hu\\\/#\\\/schema\\\/person\\\/3cb19d5e0b75b0515cbf0d6b87272d9a\"},\"headline\":\"Mi\u00e9rt ad energi\u00e1t a mozg\u00e1s, amikor f\u00e1radt vagy? \u2013 A Pilates \u00e9s a val\u00f3di felt\u00f6lt\u0151d\u00e9s titka\",\"datePublished\":\"2026-02-21T13:24:33+00:00\",\"dateModified\":\"2026-02-21T14:11:04+00:00\",\"mainEntityOfPage\":{\"@id\":\"https:\\\/\\\/uppilatesstudio.hu\\\/miert-ad-energiat-a-mozgas-amikor-faradt-vagy-a-pilates-es-a-valodi-feltoltodes-titka\\\/\"},\"wordCount\":658,\"commentCount\":0,\"publisher\":{\"@id\":\"https:\\\/\\\/uppilatesstudio.hu\\\/#organization\"},\"image\":{\"@id\":\"https:\\\/\\\/uppilatesstudio.hu\\\/miert-ad-energiat-a-mozgas-amikor-faradt-vagy-a-pilates-es-a-valodi-feltoltodes-titka\\\/#primaryimage\"},\"thumbnailUrl\":\"https:\\\/\\\/uppilatesstudio.hu\\\/wp-content\\\/uploads\\\/2026\\\/02\\\/1771680010058-yvq6k.webp\",\"articleSection\":[\"Egy\u00e9b\"],\"inLanguage\":\"en-GB\",\"potentialAction\":[{\"@type\":\"CommentAction\",\"name\":\"Comment\",\"target\":[\"https:\\\/\\\/uppilatesstudio.hu\\\/miert-ad-energiat-a-mozgas-amikor-faradt-vagy-a-pilates-es-a-valodi-feltoltodes-titka\\\/#respond\"]}]},{\"@type\":\"WebPage\",\"@id\":\"https:\\\/\\\/uppilatesstudio.hu\\\/miert-ad-energiat-a-mozgas-amikor-faradt-vagy-a-pilates-es-a-valodi-feltoltodes-titka\\\/\",\"url\":\"https:\\\/\\\/uppilatesstudio.hu\\\/miert-ad-energiat-a-mozgas-amikor-faradt-vagy-a-pilates-es-a-valodi-feltoltodes-titka\\\/\",\"name\":\"Mi\u00e9rt ad energi\u00e1t a mozg\u00e1s, amikor f\u00e1radt vagy? \u2013 A Pilates \u00e9s a val\u00f3di felt\u00f6lt\u0151d\u00e9s titka - Up Pilates Studiio\",\"isPartOf\":{\"@id\":\"https:\\\/\\\/uppilatesstudio.hu\\\/#website\"},\"primaryImageOfPage\":{\"@id\":\"https:\\\/\\\/uppilatesstudio.hu\\\/miert-ad-energiat-a-mozgas-amikor-faradt-vagy-a-pilates-es-a-valodi-feltoltodes-titka\\\/#primaryimage\"},\"image\":{\"@id\":\"https:\\\/\\\/uppilatesstudio.hu\\\/miert-ad-energiat-a-mozgas-amikor-faradt-vagy-a-pilates-es-a-valodi-feltoltodes-titka\\\/#primaryimage\"},\"thumbnailUrl\":\"https:\\\/\\\/uppilatesstudio.hu\\\/wp-content\\\/uploads\\\/2026\\\/02\\\/1771680010058-yvq6k.webp\",\"datePublished\":\"2026-02-21T13:24:33+00:00\",\"dateModified\":\"2026-02-21T14:11:04+00:00\",\"description\":\"F\u00e1radt vagy, m\u00e9gis a mozg\u00e1s seg\u00edthet? Megmutatjuk, mi\u00e9rt ad energi\u00e1t a Pilates akkor is, amikor legsz\u00edvesebben csak pihenn\u00e9l.\",\"breadcrumb\":{\"@id\":\"https:\\\/\\\/uppilatesstudio.hu\\\/miert-ad-energiat-a-mozgas-amikor-faradt-vagy-a-pilates-es-a-valodi-feltoltodes-titka\\\/#breadcrumb\"},\"inLanguage\":\"en-GB\",\"potentialAction\":[{\"@type\":\"ReadAction\",\"target\":[\"https:\\\/\\\/uppilatesstudio.hu\\\/miert-ad-energiat-a-mozgas-amikor-faradt-vagy-a-pilates-es-a-valodi-feltoltodes-titka\\\/\"]}]},{\"@type\":\"ImageObject\",\"inLanguage\":\"en-GB\",\"@id\":\"https:\\\/\\\/uppilatesstudio.hu\\\/miert-ad-energiat-a-mozgas-amikor-faradt-vagy-a-pilates-es-a-valodi-feltoltodes-titka\\\/#primaryimage\",\"url\":\"https:\\\/\\\/uppilatesstudio.hu\\\/wp-content\\\/uploads\\\/2026\\\/02\\\/1771680010058-yvq6k.webp\",\"contentUrl\":\"https:\\\/\\\/uppilatesstudio.hu\\\/wp-content\\\/uploads\\\/2026\\\/02\\\/1771680010058-yvq6k.webp\"},{\"@type\":\"BreadcrumbList\",\"@id\":\"https:\\\/\\\/uppilatesstudio.hu\\\/miert-ad-energiat-a-mozgas-amikor-faradt-vagy-a-pilates-es-a-valodi-feltoltodes-titka\\\/#breadcrumb\",\"itemListElement\":[{\"@type\":\"ListItem\",\"position\":1,\"name\":\"Home\",\"item\":\"https:\\\/\\\/uppilatesstudio.hu\\\/\"},{\"@type\":\"ListItem\",\"position\":2,\"name\":\"Mi\u00e9rt ad energi\u00e1t a mozg\u00e1s, amikor f\u00e1radt vagy? \u2013 A Pilates \u00e9s a val\u00f3di felt\u00f6lt\u0151d\u00e9s titka\"}]},{\"@type\":\"WebSite\",\"@id\":\"https:\\\/\\\/uppilatesstudio.hu\\\/#website\",\"url\":\"https:\\\/\\\/uppilatesstudio.hu\\\/\",\"name\":\"Up Pilates Studiio\",\"description\":\"A karcs\u00fa, form\u00e1s test\u00e9rt \u00e9s er\u0151s izomzat\u00e9rt!\",\"publisher\":{\"@id\":\"https:\\\/\\\/uppilatesstudio.hu\\\/#organization\"},\"potentialAction\":[{\"@type\":\"SearchAction\",\"target\":{\"@type\":\"EntryPoint\",\"urlTemplate\":\"https:\\\/\\\/uppilatesstudio.hu\\\/?s={search_term_string}\"},\"query-input\":{\"@type\":\"PropertyValueSpecification\",\"valueRequired\":true,\"valueName\":\"search_term_string\"}}],\"inLanguage\":\"en-GB\"},{\"@type\":\"Organization\",\"@id\":\"https:\\\/\\\/uppilatesstudio.hu\\\/#organization\",\"name\":\"Up Pilates Studiio\",\"url\":\"https:\\\/\\\/uppilatesstudio.hu\\\/\",\"logo\":{\"@type\":\"ImageObject\",\"inLanguage\":\"en-GB\",\"@id\":\"https:\\\/\\\/uppilatesstudio.hu\\\/#\\\/schema\\\/logo\\\/image\\\/\",\"url\":\"https:\\\/\\\/uppilatesstudio.hu\\\/wp-content\\\/uploads\\\/2017\\\/04\\\/logo.jpg\",\"contentUrl\":\"https:\\\/\\\/uppilatesstudio.hu\\\/wp-content\\\/uploads\\\/2017\\\/04\\\/logo.jpg\",\"width\":749,\"height\":987,\"caption\":\"Up Pilates Studiio\"},\"image\":{\"@id\":\"https:\\\/\\\/uppilatesstudio.hu\\\/#\\\/schema\\\/logo\\\/image\\\/\"}},{\"@type\":\"Person\",\"@id\":\"https:\\\/\\\/uppilatesstudio.hu\\\/#\\\/schema\\\/person\\\/3cb19d5e0b75b0515cbf0d6b87272d9a\",\"name\":\"Jancs\u00f3 Veronika\",\"image\":{\"@type\":\"ImageObject\",\"inLanguage\":\"en-GB\",\"@id\":\"https:\\\/\\\/secure.gravatar.com\\\/avatar\\\/52bfa78053ab0455ebaa94c3d7897febe5091a08c01cc5b279b60d266640d0ae?s=96&d=mm&r=g\",\"url\":\"https:\\\/\\\/secure.gravatar.com\\\/avatar\\\/52bfa78053ab0455ebaa94c3d7897febe5091a08c01cc5b279b60d266640d0ae?s=96&d=mm&r=g\",\"contentUrl\":\"https:\\\/\\\/secure.gravatar.com\\\/avatar\\\/52bfa78053ab0455ebaa94c3d7897febe5091a08c01cc5b279b60d266640d0ae?s=96&d=mm&r=g\",\"caption\":\"Jancs\u00f3 Veronika\"},\"url\":\"https:\\\/\\\/uppilatesstudio.hu\\\/en\\\/author\\\/admin\\\/\"}]}<\/script>\n<!-- \/ Yoast SEO plugin. -->","yoast_head_json":{"title":"Mi\u00e9rt ad energi\u00e1t a mozg\u00e1s, amikor f\u00e1radt vagy?        \u2013 A Pilates \u00e9s a val\u00f3di felt\u00f6lt\u0151d\u00e9s titka - Up Pilates Studiio","description":"F\u00e1radt vagy, m\u00e9gis a mozg\u00e1s seg\u00edthet? Megmutatjuk, mi\u00e9rt ad energi\u00e1t a Pilates akkor is, amikor legsz\u00edvesebben csak pihenn\u00e9l.","robots":{"index":"index","follow":"follow","max-snippet":"max-snippet:-1","max-image-preview":"max-image-preview:large","max-video-preview":"max-video-preview:-1"},"canonical":"https:\/\/uppilatesstudio.hu\/en\/miert-ad-energiat-a-mozgas-amikor-faradt-vagy-a-pilates-es-a-valodi-feltoltodes-titka\/","og_locale":"en_GB","og_type":"article","og_title":"Mi\u00e9rt ad energi\u00e1t a mozg\u00e1s, amikor f\u00e1radt vagy?        \u2013 A Pilates \u00e9s a val\u00f3di felt\u00f6lt\u0151d\u00e9s titka - Up Pilates Studiio","og_description":"F\u00e1radt vagy, m\u00e9gis a mozg\u00e1s seg\u00edthet? Megmutatjuk, mi\u00e9rt ad energi\u00e1t a Pilates akkor is, amikor legsz\u00edvesebben csak pihenn\u00e9l.","og_url":"https:\/\/uppilatesstudio.hu\/en\/miert-ad-energiat-a-mozgas-amikor-faradt-vagy-a-pilates-es-a-valodi-feltoltodes-titka\/","og_site_name":"Up Pilates Studiio","article_published_time":"2026-02-21T13:24:33+00:00","article_modified_time":"2026-02-21T14:11:04+00:00","og_image":[{"width":640,"height":640,"url":"https:\/\/uppilatesstudio.hu\/wp-content\/uploads\/2026\/02\/1771680010058-yvq6k.webp","type":"image\/webp"}],"author":"Jancs\u00f3 Veronika","twitter_card":"summary_large_image","twitter_misc":{"Written by":"Jancs\u00f3 Veronika","Estimated reading time":"3 minutes"},"schema":{"@context":"https:\/\/schema.org","@graph":[{"@type":"Article","@id":"https:\/\/uppilatesstudio.hu\/miert-ad-energiat-a-mozgas-amikor-faradt-vagy-a-pilates-es-a-valodi-feltoltodes-titka\/#article","isPartOf":{"@id":"https:\/\/uppilatesstudio.hu\/miert-ad-energiat-a-mozgas-amikor-faradt-vagy-a-pilates-es-a-valodi-feltoltodes-titka\/"},"author":{"name":"Jancs\u00f3 Veronika","@id":"https:\/\/uppilatesstudio.hu\/#\/schema\/person\/3cb19d5e0b75b0515cbf0d6b87272d9a"},"headline":"Mi\u00e9rt ad energi\u00e1t a mozg\u00e1s, amikor f\u00e1radt vagy? \u2013 A Pilates \u00e9s a val\u00f3di felt\u00f6lt\u0151d\u00e9s titka","datePublished":"2026-02-21T13:24:33+00:00","dateModified":"2026-02-21T14:11:04+00:00","mainEntityOfPage":{"@id":"https:\/\/uppilatesstudio.hu\/miert-ad-energiat-a-mozgas-amikor-faradt-vagy-a-pilates-es-a-valodi-feltoltodes-titka\/"},"wordCount":658,"commentCount":0,"publisher":{"@id":"https:\/\/uppilatesstudio.hu\/#organization"},"image":{"@id":"https:\/\/uppilatesstudio.hu\/miert-ad-energiat-a-mozgas-amikor-faradt-vagy-a-pilates-es-a-valodi-feltoltodes-titka\/#primaryimage"},"thumbnailUrl":"https:\/\/uppilatesstudio.hu\/wp-content\/uploads\/2026\/02\/1771680010058-yvq6k.webp","articleSection":["Egy\u00e9b"],"inLanguage":"en-GB","potentialAction":[{"@type":"CommentAction","name":"Comment","target":["https:\/\/uppilatesstudio.hu\/miert-ad-energiat-a-mozgas-amikor-faradt-vagy-a-pilates-es-a-valodi-feltoltodes-titka\/#respond"]}]},{"@type":"WebPage","@id":"https:\/\/uppilatesstudio.hu\/miert-ad-energiat-a-mozgas-amikor-faradt-vagy-a-pilates-es-a-valodi-feltoltodes-titka\/","url":"https:\/\/uppilatesstudio.hu\/miert-ad-energiat-a-mozgas-amikor-faradt-vagy-a-pilates-es-a-valodi-feltoltodes-titka\/","name":"Mi\u00e9rt ad energi\u00e1t a mozg\u00e1s, amikor f\u00e1radt vagy? \u2013 A Pilates \u00e9s a val\u00f3di felt\u00f6lt\u0151d\u00e9s titka - Up Pilates Studiio","isPartOf":{"@id":"https:\/\/uppilatesstudio.hu\/#website"},"primaryImageOfPage":{"@id":"https:\/\/uppilatesstudio.hu\/miert-ad-energiat-a-mozgas-amikor-faradt-vagy-a-pilates-es-a-valodi-feltoltodes-titka\/#primaryimage"},"image":{"@id":"https:\/\/uppilatesstudio.hu\/miert-ad-energiat-a-mozgas-amikor-faradt-vagy-a-pilates-es-a-valodi-feltoltodes-titka\/#primaryimage"},"thumbnailUrl":"https:\/\/uppilatesstudio.hu\/wp-content\/uploads\/2026\/02\/1771680010058-yvq6k.webp","datePublished":"2026-02-21T13:24:33+00:00","dateModified":"2026-02-21T14:11:04+00:00","description":"F\u00e1radt vagy, m\u00e9gis a mozg\u00e1s seg\u00edthet? Megmutatjuk, mi\u00e9rt ad energi\u00e1t a Pilates akkor is, amikor legsz\u00edvesebben csak pihenn\u00e9l.","breadcrumb":{"@id":"https:\/\/uppilatesstudio.hu\/miert-ad-energiat-a-mozgas-amikor-faradt-vagy-a-pilates-es-a-valodi-feltoltodes-titka\/#breadcrumb"},"inLanguage":"en-GB","potentialAction":[{"@type":"ReadAction","target":["https:\/\/uppilatesstudio.hu\/miert-ad-energiat-a-mozgas-amikor-faradt-vagy-a-pilates-es-a-valodi-feltoltodes-titka\/"]}]},{"@type":"ImageObject","inLanguage":"en-GB","@id":"https:\/\/uppilatesstudio.hu\/miert-ad-energiat-a-mozgas-amikor-faradt-vagy-a-pilates-es-a-valodi-feltoltodes-titka\/#primaryimage","url":"https:\/\/uppilatesstudio.hu\/wp-content\/uploads\/2026\/02\/1771680010058-yvq6k.webp","contentUrl":"https:\/\/uppilatesstudio.hu\/wp-content\/uploads\/2026\/02\/1771680010058-yvq6k.webp"},{"@type":"BreadcrumbList","@id":"https:\/\/uppilatesstudio.hu\/miert-ad-energiat-a-mozgas-amikor-faradt-vagy-a-pilates-es-a-valodi-feltoltodes-titka\/#breadcrumb","itemListElement":[{"@type":"ListItem","position":1,"name":"Home","item":"https:\/\/uppilatesstudio.hu\/"},{"@type":"ListItem","position":2,"name":"Mi\u00e9rt ad energi\u00e1t a mozg\u00e1s, amikor f\u00e1radt vagy? \u2013 A Pilates \u00e9s a val\u00f3di felt\u00f6lt\u0151d\u00e9s titka"}]},{"@type":"WebSite","@id":"https:\/\/uppilatesstudio.hu\/#website","url":"https:\/\/uppilatesstudio.hu\/","name":"Up Pilates Studio","description":"For a slim, shapely body and strong muscles!","publisher":{"@id":"https:\/\/uppilatesstudio.hu\/#organization"},"potentialAction":[{"@type":"SearchAction","target":{"@type":"EntryPoint","urlTemplate":"https:\/\/uppilatesstudio.hu\/?s={search_term_string}"},"query-input":{"@type":"PropertyValueSpecification","valueRequired":true,"valueName":"search_term_string"}}],"inLanguage":"en-GB"},{"@type":"Organization","@id":"https:\/\/uppilatesstudio.hu\/#organization","name":"Up Pilates Studio","url":"https:\/\/uppilatesstudio.hu\/","logo":{"@type":"ImageObject","inLanguage":"en-GB","@id":"https:\/\/uppilatesstudio.hu\/#\/schema\/logo\/image\/","url":"https:\/\/uppilatesstudio.hu\/wp-content\/uploads\/2017\/04\/logo.jpg","contentUrl":"https:\/\/uppilatesstudio.hu\/wp-content\/uploads\/2017\/04\/logo.jpg","width":749,"height":987,"caption":"Up Pilates Studiio"},"image":{"@id":"https:\/\/uppilatesstudio.hu\/#\/schema\/logo\/image\/"}},{"@type":"Person","@id":"https:\/\/uppilatesstudio.hu\/#\/schema\/person\/3cb19d5e0b75b0515cbf0d6b87272d9a","name":"Veronika Jancs\u00f3","image":{"@type":"ImageObject","inLanguage":"en-GB","@id":"https:\/\/secure.gravatar.com\/avatar\/52bfa78053ab0455ebaa94c3d7897febe5091a08c01cc5b279b60d266640d0ae?s=96&d=mm&r=g","url":"https:\/\/secure.gravatar.com\/avatar\/52bfa78053ab0455ebaa94c3d7897febe5091a08c01cc5b279b60d266640d0ae?s=96&d=mm&r=g","contentUrl":"https:\/\/secure.gravatar.com\/avatar\/52bfa78053ab0455ebaa94c3d7897febe5091a08c01cc5b279b60d266640d0ae?s=96&d=mm&r=g","caption":"Jancs\u00f3 Veronika"},"url":"https:\/\/uppilatesstudio.hu\/en\/author\/admin\/"}]}},"_links":{"self":[{"href":"https:\/\/uppilatesstudio.hu\/en\/wp-json\/wp\/v2\/posts\/2977","targetHints":{"allow":["GET"]}}],"collection":[{"href":"https:\/\/uppilatesstudio.hu\/en\/wp-json\/wp\/v2\/posts"}],"about":[{"href":"https:\/\/uppilatesstudio.hu\/en\/wp-json\/wp\/v2\/types\/post"}],"author":[{"embeddable":true,"href":"https:\/\/uppilatesstudio.hu\/en\/wp-json\/wp\/v2\/users\/1"}],"replies":[{"embeddable":true,"href":"https:\/\/uppilatesstudio.hu\/en\/wp-json\/wp\/v2\/comments?post=2977"}],"version-history":[{"count":1,"href":"https:\/\/uppilatesstudio.hu\/en\/wp-json\/wp\/v2\/posts\/2977\/revisions"}],"predecessor-version":[{"id":2979,"href":"https:\/\/uppilatesstudio.hu\/en\/wp-json\/wp\/v2\/posts\/2977\/revisions\/2979"}],"wp:attachment":[{"href":"https:\/\/uppilatesstudio.hu\/en\/wp-json\/wp\/v2\/media?parent=2977"}],"wp:term":[{"taxonomy":"category","embeddable":true,"href":"https:\/\/uppilatesstudio.hu\/en\/wp-json\/wp\/v2\/categories?post=2977"},{"taxonomy":"post_tag","embeddable":true,"href":"https:\/\/uppilatesstudio.hu\/en\/wp-json\/wp\/v2\/tags?post=2977"}],"curies":[{"name":"wp","href":"https:\/\/api.w.org\/{rel}","templated":true}]}}