{"id":1676,"date":"2024-06-03T10:27:42","date_gmt":"2024-06-03T08:27:42","guid":{"rendered":"https:\/\/pilates.sport.hu\/?p=1676"},"modified":"2024-06-03T10:27:42","modified_gmt":"2024-06-03T08:27:42","slug":"miert-gyere-egyeni-pilates-orara","status":"publish","type":"post","link":"https:\/\/uppilatesstudio.hu\/en\/miert-gyere-egyeni-pilates-orara\/","title":{"rendered":"Why come for an individual Pilates class?"},"content":{"rendered":"<p>&nbsp;<\/p>\n<p><strong>A coffee break for your brain: discover the world of personalised Pilates!<\/strong><\/p>\n<p>Have you ever thought about taking time for yourself in a really special way? It's no secret that personalised Pilates classes have an effectiveness that can take not only your body, but your mind to new levels. In this article, we'll show you how your personalised Pilates class can become a treasure trove of motivation, progress and health.<\/p>\n<p><strong>Personalised movements: the secret of unique Pilates<\/strong><\/p>\n<p>During Pilates, every single movement is done with careful attention. In individual classes, the trainer will tailor the exercises and corrections to your specific needs!!!! Think how much of an advantage it can be when every move is designed with your body and your goals in mind! We can design a program that is perfectly suited to your current condition, whether it's a sore back, joint problems or to achieve better posture.<\/p>\n<p><strong>Motivation: the magic of individual attention<\/strong><\/p>\n<p>One-to-one sessions allow the coach to focus all of their attention on you, making it easier to find the motivation and pain points that will help you persevere. No need to compete with others or be shy in front of the group - it's all about you. The support and guidance of a coach allows you to always perform at your best while enjoying the process.<\/p>\n<p><strong>Progress step by step<\/strong><\/p>\n<p>Individual Pilates classes allow you to track your progress quickly and accurately. Personalized attention allows the instructor to continually modify the exercises according to your current level of progress, making each session a new challenge and helping you to reach your desired goals step by step. This gradual but steady progress gives you extreme satisfaction and pride - after hours, because often all you can think about is, \"Can you do this and how are you going to do it?<\/p>\n<p><strong>A coffee break for your brain: relax and recharge!<\/strong><\/p>\n<p>Pilates is more than just exercise - it's a real coffee break for your brain. During your workout, you can completely relax and forget about the stresses of the day. Movements based on focus and mindfulness help you to refresh your mind and feel energised again. One-to-one classes are particularly good for focusing your full attention and concentration on your workout, so it can be a real relaxing and recharging experience.<\/p>\n<p><strong>Health and better posture: the key to well-being<\/strong><\/p>\n<p>One of the biggest benefits of Pilates is that it helps to maintain health and improve posture. Regular exercise strengthens muscles, improves balance and flexibility. In addition, good posture reduces back pain and other musculoskeletal complaints. Individual Pilates classes allow the instructor to teach you the correct movements and correct your posture based on your unique body type and fitness level, which is worth its weight in gold in the long run.<\/p>\n<p><strong>Varied workouts: you'll never get bored<\/strong><\/p>\n<p>The variety of Pilates workouts is guaranteed to keep you interested. During individual classes, the instructor will always add new exercises and challenges to keep the workout exciting and inspiring. Whether it's exercises on the mat or different tools and machines such as the reformer, Pilates ball or rubber band - there's always something new to try.<\/p>\n<p>Discover the secret of personalised Pilates classes and experience the magical combination of motivation, progress and health! Remember, a truly unique and varied workout programme is waiting for you. Invite your friends on this journey, because the shared experience can only enhance this secret pleasure! Discover the potential of a personalized Pilates class and start on the path to a healthy and balanced life!<\/p>\n<p>&nbsp;<\/p>","protected":false},"excerpt":{"rendered":"<p>&nbsp; A coffee break for your brain: discover the world of personalised Pilates! Have you ever thought about taking time for yourself with a really special method? It's no secret that personalised Pilates classes have an effectiveness that will take not only your body, but also your mind to new levels. In this article, we'll show you how your custom Pilates class can become a treasure trove [...]<\/p>","protected":false},"author":1,"featured_media":1677,"comment_status":"closed","ping_status":"closed","sticky":false,"template":"","format":"standard","meta":{"footnotes":""},"categories":[57,8],"tags":[14],"class_list":["post-1676","post","type-post","status-publish","format-standard","has-post-thumbnail","hentry","category-egeszseg","category-pilates","tag-pilates"],"yoast_head":"<!-- This site is optimized with the Yoast SEO plugin v27.3 - https:\/\/yoast.com\/product\/yoast-seo-wordpress\/ -->\n<title>Mi\u00e9rt gyere egy\u00e9ni pilates \u00f3r\u00e1ra? - Up Pilates Studiio<\/title>\n<meta name=\"robots\" content=\"index, follow, max-snippet:-1, max-image-preview:large, max-video-preview:-1\" \/>\n<link rel=\"canonical\" href=\"https:\/\/uppilatesstudio.hu\/en\/miert-gyere-egyeni-pilates-orara\/\" \/>\n<meta property=\"og:locale\" content=\"en_GB\" \/>\n<meta property=\"og:type\" content=\"article\" \/>\n<meta property=\"og:title\" content=\"Mi\u00e9rt gyere egy\u00e9ni pilates \u00f3r\u00e1ra? - Up Pilates Studiio\" \/>\n<meta property=\"og:description\" content=\"&nbsp; K\u00e1v\u00e9sz\u00fcnet az agyadnak: Fedezd fel a szem\u00e9lyre szabott Pilates vil\u00e1g\u00e1t! Gondolt\u00e1l m\u00e1r arra, hogy id\u0151t ford\u00edts magadra egy igaz\u00e1n k\u00fcl\u00f6nleges m\u00f3dszer seg\u00edts\u00e9g\u00e9vel? Nem titok, hogy a szem\u00e9lyre szabott Pilates \u00f3r\u00e1k olyan hat\u00e9konys\u00e1ggal b\u00edrnak, ami nemcsak a testedet, de az elm\u00e9det is \u00faj szintekre emeli. Ebben a cikkben bemutatjuk, hogyan v\u00e1lhat egy\u00e9ni Pilates \u00f3r\u00e1d kincsesb\u00e1ny\u00e1v\u00e1 [&hellip;]\" \/>\n<meta property=\"og:url\" content=\"https:\/\/uppilatesstudio.hu\/en\/miert-gyere-egyeni-pilates-orara\/\" \/>\n<meta property=\"og:site_name\" content=\"Up Pilates Studiio\" \/>\n<meta property=\"article:published_time\" content=\"2024-06-03T08:27:42+00:00\" \/>\n<meta property=\"og:image\" content=\"https:\/\/uppilatesstudio.hu\/wp-content\/uploads\/2024\/06\/PIL_7925-scaled-e1721644051596.jpg\" \/>\n\t<meta property=\"og:image:width\" content=\"1000\" \/>\n\t<meta property=\"og:image:height\" content=\"667\" \/>\n\t<meta property=\"og:image:type\" content=\"image\/jpeg\" \/>\n<meta name=\"author\" content=\"Jancs\u00f3 Veronika\" \/>\n<meta name=\"twitter:card\" content=\"summary_large_image\" \/>\n<meta name=\"twitter:label1\" content=\"Written by\" \/>\n\t<meta name=\"twitter:data1\" content=\"Jancs\u00f3 Veronika\" \/>\n\t<meta name=\"twitter:label2\" content=\"Estimated reading time\" \/>\n\t<meta name=\"twitter:data2\" content=\"3 minutes\" \/>\n<script type=\"application\/ld+json\" class=\"yoast-schema-graph\">{\"@context\":\"https:\\\/\\\/schema.org\",\"@graph\":[{\"@type\":\"Article\",\"@id\":\"https:\\\/\\\/uppilatesstudio.hu\\\/miert-gyere-egyeni-pilates-orara\\\/#article\",\"isPartOf\":{\"@id\":\"https:\\\/\\\/uppilatesstudio.hu\\\/miert-gyere-egyeni-pilates-orara\\\/\"},\"author\":{\"name\":\"Jancs\u00f3 Veronika\",\"@id\":\"https:\\\/\\\/uppilatesstudio.hu\\\/#\\\/schema\\\/person\\\/3cb19d5e0b75b0515cbf0d6b87272d9a\"},\"headline\":\"Mi\u00e9rt gyere egy\u00e9ni pilates \u00f3r\u00e1ra?\",\"datePublished\":\"2024-06-03T08:27:42+00:00\",\"mainEntityOfPage\":{\"@id\":\"https:\\\/\\\/uppilatesstudio.hu\\\/miert-gyere-egyeni-pilates-orara\\\/\"},\"wordCount\":839,\"publisher\":{\"@id\":\"https:\\\/\\\/uppilatesstudio.hu\\\/#organization\"},\"image\":{\"@id\":\"https:\\\/\\\/uppilatesstudio.hu\\\/miert-gyere-egyeni-pilates-orara\\\/#primaryimage\"},\"thumbnailUrl\":\"https:\\\/\\\/uppilatesstudio.hu\\\/wp-content\\\/uploads\\\/2024\\\/06\\\/PIL_7925-scaled-e1721644051596.jpg\",\"keywords\":[\"pilates\"],\"articleSection\":[\"eg\u00e9szs\u00e9g\",\"Pilates\"],\"inLanguage\":\"en-GB\"},{\"@type\":\"WebPage\",\"@id\":\"https:\\\/\\\/uppilatesstudio.hu\\\/miert-gyere-egyeni-pilates-orara\\\/\",\"url\":\"https:\\\/\\\/uppilatesstudio.hu\\\/miert-gyere-egyeni-pilates-orara\\\/\",\"name\":\"Mi\u00e9rt gyere egy\u00e9ni pilates \u00f3r\u00e1ra? - Up Pilates Studiio\",\"isPartOf\":{\"@id\":\"https:\\\/\\\/uppilatesstudio.hu\\\/#website\"},\"primaryImageOfPage\":{\"@id\":\"https:\\\/\\\/uppilatesstudio.hu\\\/miert-gyere-egyeni-pilates-orara\\\/#primaryimage\"},\"image\":{\"@id\":\"https:\\\/\\\/uppilatesstudio.hu\\\/miert-gyere-egyeni-pilates-orara\\\/#primaryimage\"},\"thumbnailUrl\":\"https:\\\/\\\/uppilatesstudio.hu\\\/wp-content\\\/uploads\\\/2024\\\/06\\\/PIL_7925-scaled-e1721644051596.jpg\",\"datePublished\":\"2024-06-03T08:27:42+00:00\",\"breadcrumb\":{\"@id\":\"https:\\\/\\\/uppilatesstudio.hu\\\/miert-gyere-egyeni-pilates-orara\\\/#breadcrumb\"},\"inLanguage\":\"en-GB\",\"potentialAction\":[{\"@type\":\"ReadAction\",\"target\":[\"https:\\\/\\\/uppilatesstudio.hu\\\/miert-gyere-egyeni-pilates-orara\\\/\"]}]},{\"@type\":\"ImageObject\",\"inLanguage\":\"en-GB\",\"@id\":\"https:\\\/\\\/uppilatesstudio.hu\\\/miert-gyere-egyeni-pilates-orara\\\/#primaryimage\",\"url\":\"https:\\\/\\\/uppilatesstudio.hu\\\/wp-content\\\/uploads\\\/2024\\\/06\\\/PIL_7925-scaled-e1721644051596.jpg\",\"contentUrl\":\"https:\\\/\\\/uppilatesstudio.hu\\\/wp-content\\\/uploads\\\/2024\\\/06\\\/PIL_7925-scaled-e1721644051596.jpg\",\"width\":1000,\"height\":667},{\"@type\":\"BreadcrumbList\",\"@id\":\"https:\\\/\\\/uppilatesstudio.hu\\\/miert-gyere-egyeni-pilates-orara\\\/#breadcrumb\",\"itemListElement\":[{\"@type\":\"ListItem\",\"position\":1,\"name\":\"Home\",\"item\":\"https:\\\/\\\/uppilatesstudio.hu\\\/\"},{\"@type\":\"ListItem\",\"position\":2,\"name\":\"Mi\u00e9rt gyere egy\u00e9ni pilates \u00f3r\u00e1ra?\"}]},{\"@type\":\"WebSite\",\"@id\":\"https:\\\/\\\/uppilatesstudio.hu\\\/#website\",\"url\":\"https:\\\/\\\/uppilatesstudio.hu\\\/\",\"name\":\"Up Pilates Studiio\",\"description\":\"A karcs\u00fa, form\u00e1s test\u00e9rt \u00e9s er\u0151s izomzat\u00e9rt!\",\"publisher\":{\"@id\":\"https:\\\/\\\/uppilatesstudio.hu\\\/#organization\"},\"potentialAction\":[{\"@type\":\"SearchAction\",\"target\":{\"@type\":\"EntryPoint\",\"urlTemplate\":\"https:\\\/\\\/uppilatesstudio.hu\\\/?s={search_term_string}\"},\"query-input\":{\"@type\":\"PropertyValueSpecification\",\"valueRequired\":true,\"valueName\":\"search_term_string\"}}],\"inLanguage\":\"en-GB\"},{\"@type\":\"Organization\",\"@id\":\"https:\\\/\\\/uppilatesstudio.hu\\\/#organization\",\"name\":\"Up Pilates Studiio\",\"url\":\"https:\\\/\\\/uppilatesstudio.hu\\\/\",\"logo\":{\"@type\":\"ImageObject\",\"inLanguage\":\"en-GB\",\"@id\":\"https:\\\/\\\/uppilatesstudio.hu\\\/#\\\/schema\\\/logo\\\/image\\\/\",\"url\":\"https:\\\/\\\/uppilatesstudio.hu\\\/wp-content\\\/uploads\\\/2017\\\/04\\\/logo.jpg\",\"contentUrl\":\"https:\\\/\\\/uppilatesstudio.hu\\\/wp-content\\\/uploads\\\/2017\\\/04\\\/logo.jpg\",\"width\":749,\"height\":987,\"caption\":\"Up Pilates Studiio\"},\"image\":{\"@id\":\"https:\\\/\\\/uppilatesstudio.hu\\\/#\\\/schema\\\/logo\\\/image\\\/\"}},{\"@type\":\"Person\",\"@id\":\"https:\\\/\\\/uppilatesstudio.hu\\\/#\\\/schema\\\/person\\\/3cb19d5e0b75b0515cbf0d6b87272d9a\",\"name\":\"Jancs\u00f3 Veronika\",\"image\":{\"@type\":\"ImageObject\",\"inLanguage\":\"en-GB\",\"@id\":\"https:\\\/\\\/secure.gravatar.com\\\/avatar\\\/52bfa78053ab0455ebaa94c3d7897febe5091a08c01cc5b279b60d266640d0ae?s=96&d=mm&r=g\",\"url\":\"https:\\\/\\\/secure.gravatar.com\\\/avatar\\\/52bfa78053ab0455ebaa94c3d7897febe5091a08c01cc5b279b60d266640d0ae?s=96&d=mm&r=g\",\"contentUrl\":\"https:\\\/\\\/secure.gravatar.com\\\/avatar\\\/52bfa78053ab0455ebaa94c3d7897febe5091a08c01cc5b279b60d266640d0ae?s=96&d=mm&r=g\",\"caption\":\"Jancs\u00f3 Veronika\"},\"url\":\"https:\\\/\\\/uppilatesstudio.hu\\\/en\\\/author\\\/admin\\\/\"}]}<\/script>\n<!-- \/ Yoast SEO plugin. -->","yoast_head_json":{"title":"Mi\u00e9rt gyere egy\u00e9ni pilates \u00f3r\u00e1ra? - Up Pilates Studiio","robots":{"index":"index","follow":"follow","max-snippet":"max-snippet:-1","max-image-preview":"max-image-preview:large","max-video-preview":"max-video-preview:-1"},"canonical":"https:\/\/uppilatesstudio.hu\/en\/miert-gyere-egyeni-pilates-orara\/","og_locale":"en_GB","og_type":"article","og_title":"Mi\u00e9rt gyere egy\u00e9ni pilates \u00f3r\u00e1ra? - Up Pilates Studiio","og_description":"&nbsp; K\u00e1v\u00e9sz\u00fcnet az agyadnak: Fedezd fel a szem\u00e9lyre szabott Pilates vil\u00e1g\u00e1t! Gondolt\u00e1l m\u00e1r arra, hogy id\u0151t ford\u00edts magadra egy igaz\u00e1n k\u00fcl\u00f6nleges m\u00f3dszer seg\u00edts\u00e9g\u00e9vel? Nem titok, hogy a szem\u00e9lyre szabott Pilates \u00f3r\u00e1k olyan hat\u00e9konys\u00e1ggal b\u00edrnak, ami nemcsak a testedet, de az elm\u00e9det is \u00faj szintekre emeli. Ebben a cikkben bemutatjuk, hogyan v\u00e1lhat egy\u00e9ni Pilates \u00f3r\u00e1d kincsesb\u00e1ny\u00e1v\u00e1 [&hellip;]","og_url":"https:\/\/uppilatesstudio.hu\/en\/miert-gyere-egyeni-pilates-orara\/","og_site_name":"Up Pilates Studiio","article_published_time":"2024-06-03T08:27:42+00:00","og_image":[{"width":1000,"height":667,"url":"https:\/\/uppilatesstudio.hu\/wp-content\/uploads\/2024\/06\/PIL_7925-scaled-e1721644051596.jpg","type":"image\/jpeg"}],"author":"Jancs\u00f3 Veronika","twitter_card":"summary_large_image","twitter_misc":{"Written by":"Jancs\u00f3 Veronika","Estimated reading time":"3 minutes"},"schema":{"@context":"https:\/\/schema.org","@graph":[{"@type":"Article","@id":"https:\/\/uppilatesstudio.hu\/miert-gyere-egyeni-pilates-orara\/#article","isPartOf":{"@id":"https:\/\/uppilatesstudio.hu\/miert-gyere-egyeni-pilates-orara\/"},"author":{"name":"Jancs\u00f3 Veronika","@id":"https:\/\/uppilatesstudio.hu\/#\/schema\/person\/3cb19d5e0b75b0515cbf0d6b87272d9a"},"headline":"Mi\u00e9rt gyere egy\u00e9ni pilates \u00f3r\u00e1ra?","datePublished":"2024-06-03T08:27:42+00:00","mainEntityOfPage":{"@id":"https:\/\/uppilatesstudio.hu\/miert-gyere-egyeni-pilates-orara\/"},"wordCount":839,"publisher":{"@id":"https:\/\/uppilatesstudio.hu\/#organization"},"image":{"@id":"https:\/\/uppilatesstudio.hu\/miert-gyere-egyeni-pilates-orara\/#primaryimage"},"thumbnailUrl":"https:\/\/uppilatesstudio.hu\/wp-content\/uploads\/2024\/06\/PIL_7925-scaled-e1721644051596.jpg","keywords":["pilates"],"articleSection":["eg\u00e9szs\u00e9g","Pilates"],"inLanguage":"en-GB"},{"@type":"WebPage","@id":"https:\/\/uppilatesstudio.hu\/miert-gyere-egyeni-pilates-orara\/","url":"https:\/\/uppilatesstudio.hu\/miert-gyere-egyeni-pilates-orara\/","name":"Mi\u00e9rt gyere egy\u00e9ni pilates \u00f3r\u00e1ra? - Up Pilates Studiio","isPartOf":{"@id":"https:\/\/uppilatesstudio.hu\/#website"},"primaryImageOfPage":{"@id":"https:\/\/uppilatesstudio.hu\/miert-gyere-egyeni-pilates-orara\/#primaryimage"},"image":{"@id":"https:\/\/uppilatesstudio.hu\/miert-gyere-egyeni-pilates-orara\/#primaryimage"},"thumbnailUrl":"https:\/\/uppilatesstudio.hu\/wp-content\/uploads\/2024\/06\/PIL_7925-scaled-e1721644051596.jpg","datePublished":"2024-06-03T08:27:42+00:00","breadcrumb":{"@id":"https:\/\/uppilatesstudio.hu\/miert-gyere-egyeni-pilates-orara\/#breadcrumb"},"inLanguage":"en-GB","potentialAction":[{"@type":"ReadAction","target":["https:\/\/uppilatesstudio.hu\/miert-gyere-egyeni-pilates-orara\/"]}]},{"@type":"ImageObject","inLanguage":"en-GB","@id":"https:\/\/uppilatesstudio.hu\/miert-gyere-egyeni-pilates-orara\/#primaryimage","url":"https:\/\/uppilatesstudio.hu\/wp-content\/uploads\/2024\/06\/PIL_7925-scaled-e1721644051596.jpg","contentUrl":"https:\/\/uppilatesstudio.hu\/wp-content\/uploads\/2024\/06\/PIL_7925-scaled-e1721644051596.jpg","width":1000,"height":667},{"@type":"BreadcrumbList","@id":"https:\/\/uppilatesstudio.hu\/miert-gyere-egyeni-pilates-orara\/#breadcrumb","itemListElement":[{"@type":"ListItem","position":1,"name":"Home","item":"https:\/\/uppilatesstudio.hu\/"},{"@type":"ListItem","position":2,"name":"Mi\u00e9rt gyere egy\u00e9ni pilates \u00f3r\u00e1ra?"}]},{"@type":"WebSite","@id":"https:\/\/uppilatesstudio.hu\/#website","url":"https:\/\/uppilatesstudio.hu\/","name":"Up Pilates Studio","description":"For a slim, shapely body and strong muscles!","publisher":{"@id":"https:\/\/uppilatesstudio.hu\/#organization"},"potentialAction":[{"@type":"SearchAction","target":{"@type":"EntryPoint","urlTemplate":"https:\/\/uppilatesstudio.hu\/?s={search_term_string}"},"query-input":{"@type":"PropertyValueSpecification","valueRequired":true,"valueName":"search_term_string"}}],"inLanguage":"en-GB"},{"@type":"Organization","@id":"https:\/\/uppilatesstudio.hu\/#organization","name":"Up Pilates Studio","url":"https:\/\/uppilatesstudio.hu\/","logo":{"@type":"ImageObject","inLanguage":"en-GB","@id":"https:\/\/uppilatesstudio.hu\/#\/schema\/logo\/image\/","url":"https:\/\/uppilatesstudio.hu\/wp-content\/uploads\/2017\/04\/logo.jpg","contentUrl":"https:\/\/uppilatesstudio.hu\/wp-content\/uploads\/2017\/04\/logo.jpg","width":749,"height":987,"caption":"Up Pilates Studiio"},"image":{"@id":"https:\/\/uppilatesstudio.hu\/#\/schema\/logo\/image\/"}},{"@type":"Person","@id":"https:\/\/uppilatesstudio.hu\/#\/schema\/person\/3cb19d5e0b75b0515cbf0d6b87272d9a","name":"Veronika Jancs\u00f3","image":{"@type":"ImageObject","inLanguage":"en-GB","@id":"https:\/\/secure.gravatar.com\/avatar\/52bfa78053ab0455ebaa94c3d7897febe5091a08c01cc5b279b60d266640d0ae?s=96&d=mm&r=g","url":"https:\/\/secure.gravatar.com\/avatar\/52bfa78053ab0455ebaa94c3d7897febe5091a08c01cc5b279b60d266640d0ae?s=96&d=mm&r=g","contentUrl":"https:\/\/secure.gravatar.com\/avatar\/52bfa78053ab0455ebaa94c3d7897febe5091a08c01cc5b279b60d266640d0ae?s=96&d=mm&r=g","caption":"Jancs\u00f3 Veronika"},"url":"https:\/\/uppilatesstudio.hu\/en\/author\/admin\/"}]}},"_links":{"self":[{"href":"https:\/\/uppilatesstudio.hu\/en\/wp-json\/wp\/v2\/posts\/1676","targetHints":{"allow":["GET"]}}],"collection":[{"href":"https:\/\/uppilatesstudio.hu\/en\/wp-json\/wp\/v2\/posts"}],"about":[{"href":"https:\/\/uppilatesstudio.hu\/en\/wp-json\/wp\/v2\/types\/post"}],"author":[{"embeddable":true,"href":"https:\/\/uppilatesstudio.hu\/en\/wp-json\/wp\/v2\/users\/1"}],"replies":[{"embeddable":true,"href":"https:\/\/uppilatesstudio.hu\/en\/wp-json\/wp\/v2\/comments?post=1676"}],"version-history":[{"count":1,"href":"https:\/\/uppilatesstudio.hu\/en\/wp-json\/wp\/v2\/posts\/1676\/revisions"}],"predecessor-version":[{"id":1678,"href":"https:\/\/uppilatesstudio.hu\/en\/wp-json\/wp\/v2\/posts\/1676\/revisions\/1678"}],"wp:featuredmedia":[{"embeddable":true,"href":"https:\/\/uppilatesstudio.hu\/en\/wp-json\/wp\/v2\/media\/1677"}],"wp:attachment":[{"href":"https:\/\/uppilatesstudio.hu\/en\/wp-json\/wp\/v2\/media?parent=1676"}],"wp:term":[{"taxonomy":"category","embeddable":true,"href":"https:\/\/uppilatesstudio.hu\/en\/wp-json\/wp\/v2\/categories?post=1676"},{"taxonomy":"post_tag","embeddable":true,"href":"https:\/\/uppilatesstudio.hu\/en\/wp-json\/wp\/v2\/tags?post=1676"}],"curies":[{"name":"wp","href":"https:\/\/api.w.org\/{rel}","templated":true}]}}